{"id":35034,"date":"2021-01-22T07:20:45","date_gmt":"2021-01-22T10:20:45","guid":{"rendered":"https:\/\/www.radioamigavallenar.cl\/?p=35034"},"modified":"2021-01-22T07:20:45","modified_gmt":"2021-01-22T10:20:45","slug":"gobernadora-del-huasco-reitera-llamado-a-respetar-indicaciones-sanitarias","status":"publish","type":"post","link":"https:\/\/www.radioamigavallenar.cl\/?p=35034","title":{"rendered":"Gobernadora del Huasco reitera llamado a respetar indicaciones sanitarias"},"content":{"rendered":"<p><strong>El autocuidado y la responsabilidad de todos al ingresar en fase 2 del plan Paso a Paso en Vallenar<\/strong><\/p>\n<p>Un enf\u00e1tico llamado a la poblaci\u00f3n a ser responsables y a contribuir en el control y fiscalizaci\u00f3n de todos aquellos actos que atentan en contra de la seguridad, la salud y el bienestar de las familias del Huasco en medio de la\u00a0 actual Pandemia, se\u00f1al\u00f3 la Gobernadora Nelly Galeb Bou, al comentar el ingreso de la comuna de Vallenar a la Fase 2 del Plan Paso a Paso a partir de este fin de semana.<\/p>\n<p>La Gobernadora resalt\u00f3 la importancia que tiene el poder recuperar la movilidad en el desplazamiento de todos. \u201cEl aumento de contagios por coronavirus en la regi\u00f3n debiera ser la preocupaci\u00f3n no solo del Gobierno y de las autoridades sino que de toda la poblaci\u00f3n, es importante que nos mantengamos en casa, evitemos los desplazamientos a segundas viviendas, el estricto uso de mascarillas, el mantener los distanciamientos, evitar las fiestas y carretes clandestinos, evitar las aglomeraciones.<\/p>\n<p>La invitaci\u00f3n es \u00a0a ce\u00f1irnos estrictamente a las indicaciones que se nos plantea a trav\u00e9s del plan Paso a Paso que ha impulsado el Gobierno para la reactivaci\u00f3n econ\u00f3mica y social de nuestros pa\u00eds, en esta lucha que\u00a0 llevamos en medio de la Pandemia que nos afecta y ello, debemos hacerlo cuidando principalmente nuestra salud,\u00a0 la de nuestras familias y de la comunidad en la que vivimos\u201d.<\/p>\n<p>La Gobernadora se\u00f1al\u00f3 que ha sostenido reuniones de coordinaci\u00f3n con representantes de la Defensa Nacional de Atacama, analizando las medidas que se han de implementar para la fiscalizaci\u00f3n y control\u00a0 que demanda la actual situaci\u00f3n en la provincia debido al ingreso de la comuna de Vallenar a Fase 2.\u00a0 \u201cHay un estrecha coordinaci\u00f3n en el trabajo con el Ej\u00e9rcito, con Carabineros, con la Armada, con la PDI y con los respectivos Municipios\u00a0\u00a0 junto con ello una especial preocupaci\u00f3n por generar los espacios de participaci\u00f3n y de integraci\u00f3n de los sectores que se han visto afectados con estas medidas, en tal sentido destac\u00f3 la coordinaci\u00f3n con los representantes del sector gastron\u00f3mico de la ciudad a objeto de\u00a0 que en conjunto se puedan adoptar medidas que les permitan seguir funcionando, ello si apegados y cumpliendo de manera muy estricta las indicaciones sanitarias\u201d.<\/p>\n<p>La Gobernadora Nelly Galeb concluy\u00f3\u00a0 en la necesidad de sumar voluntades para el autocontrol, el autocuidado y la responsabilidad que nos compete a todos para resguardar la salud, el trabajo, la seguridad y la tranquilidad de nuestra poblaci\u00f3n\u201d.<\/p>\n","protected":false},"excerpt":{"rendered":"<p>El autocuidado y la responsabilidad de todos al ingresar en fase 2 del plan Paso a Paso en Vallenar Un enf\u00e1tico llamado a la poblaci\u00f3n&hellip; <\/p>\n","protected":false},"author":2,"featured_media":34163,"comment_status":"open","ping_status":"closed","sticky":false,"template":"","format":"standard","meta":{"footnotes":""},"categories":[7],"tags":[],"class_list":["post-35034","post","type-post","status-publish","format-standard","has-post-thumbnail","hentry","category-atacama"],"_links":{"self":[{"href":"https:\/\/www.radioamigavallenar.cl\/index.php?rest_route=\/wp\/v2\/posts\/35034","targetHints":{"allow":["GET"]}}],"collection":[{"href":"https:\/\/www.radioamigavallenar.cl\/index.php?rest_route=\/wp\/v2\/posts"}],"about":[{"href":"https:\/\/www.radioamigavallenar.cl\/index.php?rest_route=\/wp\/v2\/types\/post"}],"author":[{"embeddable":true,"href":"https:\/\/www.radioamigavallenar.cl\/index.php?rest_route=\/wp\/v2\/users\/2"}],"replies":[{"embeddable":true,"href":"https:\/\/www.radioamigavallenar.cl\/index.php?rest_route=%2Fwp%2Fv2%2Fcomments&post=35034"}],"version-history":[{"count":1,"href":"https:\/\/www.radioamigavallenar.cl\/index.php?rest_route=\/wp\/v2\/posts\/35034\/revisions"}],"predecessor-version":[{"id":35035,"href":"https:\/\/www.radioamigavallenar.cl\/index.php?rest_route=\/wp\/v2\/posts\/35034\/revisions\/35035"}],"wp:featuredmedia":[{"embeddable":true,"href":"https:\/\/www.radioamigavallenar.cl\/index.php?rest_route=\/wp\/v2\/media\/34163"}],"wp:attachment":[{"href":"https:\/\/www.radioamigavallenar.cl\/index.php?rest_route=%2Fwp%2Fv2%2Fmedia&parent=35034"}],"wp:term":[{"taxonomy":"category","embeddable":true,"href":"https:\/\/www.radioamigavallenar.cl\/index.php?rest_route=%2Fwp%2Fv2%2Fcategories&post=35034"},{"taxonomy":"post_tag","embeddable":true,"href":"https:\/\/www.radioamigavallenar.cl\/index.php?rest_route=%2Fwp%2Fv2%2Ftags&post=35034"}],"curies":[{"name":"wp","href":"https:\/\/api.w.org\/{rel}","templated":true}]}}