{"id":35032,"date":"2021-01-22T07:18:20","date_gmt":"2021-01-22T10:18:20","guid":{"rendered":"https:\/\/www.radioamigavallenar.cl\/?p=35032"},"modified":"2021-01-22T07:18:20","modified_gmt":"2021-01-22T10:18:20","slug":"comision-definira-el-lunes-futuro-de-proyecto-de-voto-anticipado","status":"publish","type":"post","link":"https:\/\/www.radioamigavallenar.cl\/?p=35032","title":{"rendered":"Comisi\u00f3n definir\u00e1 el lunes futuro de proyecto de voto anticipado"},"content":{"rendered":"<p>La Comisi\u00f3n de Gobierno Interior de la C\u00e1mara posterg\u00f3 -para el lunes- la votaci\u00f3n en particular del proyecto que establece el voto anticipado.<\/p>\n<p>Se supon\u00eda que esta semana se iban a votar las indicaciones del Ejecutivo. Sin embargo, las enmiendas presentadas no generaron consenso en la instancia, ni en la oposici\u00f3n, ni tampoco en un sector del oficialismo.<\/p>\n<p>La indicaci\u00f3n sustitutiva deja fuera a un grupo importante de la poblaci\u00f3n, y focaliza el mecanismo a mayores de 70 a\u00f1os, embarazadas, las personas en situaci\u00f3n de discapacidad y miembros de las Fuerzas Armadas y de Orden.<\/p>\n<p>Este mi\u00e9rcoles en la sesi\u00f3n, el Consejo Directivo del Servicio Electoral propuso ampliar el segmento y realiz\u00f3 una serie de recomendaciones. Una de ellas fue incorporar a las personas privadas de libertad, y anticipar el voto a una semana antes, por encima del plazo que fue propuesto por el Gobierno, de s\u00f3lo un d\u00eda.<\/p>\n<p>La diputada de la DC y presidenta de la comisi\u00f3n, Joanna P\u00e9rez, se\u00f1al\u00f3 que la postergaci\u00f3n se realiz\u00f3 para que se consideren las propuestas del Servel.<\/p>\n<p>El diputado de RN, Andr\u00e9s Longton, coincidi\u00f3 con la propuesta de una semana y dijo que espera que el Ejecutivo acoja lo planteado por el Servicio Electoral.<\/p>\n<p>\u201cEn la legislaci\u00f3n comparada que revis\u00e9, no me encontr\u00e9 con ning\u00fan pa\u00eds que haya tenido un voto anticipado de un d\u00eda antes.\u00a0<strong>Todos los pa\u00edses tienen voto anticipado m\u00ednimo 5 d\u00edas antes<\/strong>\u201c, detall\u00f3.<\/p>\n<p>En el Gobierno a\u00fan no hay claridad respecto de una eventual apertura a la propuesta. El subsecretario de la Secretar\u00eda General de la Presidencia, M\u00e1ximo Pavez, indic\u00f3 que la decisi\u00f3n<strong>\u00a0ser\u00e1 reflexionada durante estos d\u00edas<\/strong>.<\/p>\n<p>El mi\u00e9rcoles, la diputada Joanna P\u00e9rez manifest\u00f3 su preocupaci\u00f3n por la celeridad del trabajo legislativo del proyecto. De hecho, realiz\u00f3 una pregunta a la comisi\u00f3n: \u00bfEs tarde seguir tramitando el proyecto en marzo?<\/p>\n<p>Si bien la intenci\u00f3n del Parlamento es despachar el texto\u00a0<strong>antes del 11 de abril<\/strong>\u00a0\u2013 para que el plan piloto del voto anticipado se aplique en el pr\u00f3ximo acto electoral \u2013 el calendario avanza r\u00e1pidamente.<\/p>\n<p>A\u00fan no hay certeza de que el proyecto pueda ser ley antes de esa fecha, considerando que reci\u00e9n se encuentra en su primer tr\u00e1mite constitucional, y en febrero comienza el receso legislativo que se extender\u00e1 por todo el mes.<\/p>\n","protected":false},"excerpt":{"rendered":"<p>La Comisi\u00f3n de Gobierno Interior de la C\u00e1mara posterg\u00f3 -para el lunes- la votaci\u00f3n en particular del proyecto que establece el voto anticipado. Se supon\u00eda&hellip; <\/p>\n","protected":false},"author":2,"featured_media":31875,"comment_status":"open","ping_status":"closed","sticky":false,"template":"","format":"standard","meta":{"footnotes":""},"categories":[37],"tags":[],"class_list":["post-35032","post","type-post","status-publish","format-standard","has-post-thumbnail","hentry","category-nacional"],"_links":{"self":[{"href":"https:\/\/www.radioamigavallenar.cl\/index.php?rest_route=\/wp\/v2\/posts\/35032","targetHints":{"allow":["GET"]}}],"collection":[{"href":"https:\/\/www.radioamigavallenar.cl\/index.php?rest_route=\/wp\/v2\/posts"}],"about":[{"href":"https:\/\/www.radioamigavallenar.cl\/index.php?rest_route=\/wp\/v2\/types\/post"}],"author":[{"embeddable":true,"href":"https:\/\/www.radioamigavallenar.cl\/index.php?rest_route=\/wp\/v2\/users\/2"}],"replies":[{"embeddable":true,"href":"https:\/\/www.radioamigavallenar.cl\/index.php?rest_route=%2Fwp%2Fv2%2Fcomments&post=35032"}],"version-history":[{"count":1,"href":"https:\/\/www.radioamigavallenar.cl\/index.php?rest_route=\/wp\/v2\/posts\/35032\/revisions"}],"predecessor-version":[{"id":35033,"href":"https:\/\/www.radioamigavallenar.cl\/index.php?rest_route=\/wp\/v2\/posts\/35032\/revisions\/35033"}],"wp:featuredmedia":[{"embeddable":true,"href":"https:\/\/www.radioamigavallenar.cl\/index.php?rest_route=\/wp\/v2\/media\/31875"}],"wp:attachment":[{"href":"https:\/\/www.radioamigavallenar.cl\/index.php?rest_route=%2Fwp%2Fv2%2Fmedia&parent=35032"}],"wp:term":[{"taxonomy":"category","embeddable":true,"href":"https:\/\/www.radioamigavallenar.cl\/index.php?rest_route=%2Fwp%2Fv2%2Fcategories&post=35032"},{"taxonomy":"post_tag","embeddable":true,"href":"https:\/\/www.radioamigavallenar.cl\/index.php?rest_route=%2Fwp%2Fv2%2Ftags&post=35032"}],"curies":[{"name":"wp","href":"https:\/\/api.w.org\/{rel}","templated":true}]}}