{"id":35026,"date":"2021-01-22T06:00:48","date_gmt":"2021-01-22T09:00:48","guid":{"rendered":"https:\/\/www.radioamigavallenar.cl\/?p=35026"},"modified":"2021-01-21T21:29:02","modified_gmt":"2021-01-22T00:29:02","slug":"diputada-cid-destaco-aprobacion-de-la-modificacion-de-la-ley-fogape-para-potenciar-la-economia-en-atacama","status":"publish","type":"post","link":"https:\/\/www.radioamigavallenar.cl\/?p=35026","title":{"rendered":"Diputada Cid destac\u00f3 aprobaci\u00f3n de la modificaci\u00f3n de la ley Fogape para potenciar la econom\u00eda en Atacama"},"content":{"rendered":"<p>Como un gran alivio para cientos de pymes que atraviesan momentos complejos por la pandemia del Coronavirus en la regi\u00f3n, calific\u00f3 la diputada Sof\u00eda Cid Versalovic, la aprobaci\u00f3n en la C\u00e1mara de Diputados de la modificaci\u00f3n a la Ley del Fondo de Garant\u00eda para Peque\u00f1os y Medianos Empresarios (FOGAPE) para potenciar la reactivaci\u00f3n y recuperaci\u00f3n de la econom\u00eda.<\/p>\n<p>Cid quien es miembro de la Comisi\u00f3n de Hacienda y de Econom\u00eda de la C\u00e1mara de Diputados, destac\u00f3 que este proyecto establece una nueva l\u00ednea de financiamiento denominada Fogape-Reactiva, a la cual pueden acceder hasta el mes de diciembre de 2021 para costear tanto el capital de trabajo como deudas vigentes.<\/p>\n<p>Igualmente, a\u00f1adi\u00f3 la parlamentaria que esta modificaci\u00f3n a la ley permitir\u00e1 ampliar el plazo de financiamiento de los cr\u00e9ditos otorgados antes del 15 de diciembre, hasta por 60 meses. \u201cEsta nueva l\u00ednea flexibiliza la tasa para permitir que m\u00e1s empresas y sectores accedan a cr\u00e9ditos con garant\u00eda estatal, los cuales podr\u00e1n ser usados para financiar la inversi\u00f3n, refinanciar cr\u00e9ditos Fogape, adem\u00e1s de capital de trabajo\u201d.<\/p>\n<p>La diputada resalt\u00f3 que \u201cestamos buscando la manera de recuperar la actividad econ\u00f3mica, la inversi\u00f3n y el empleo que han sido golpeados por esta pandemia del Coronavirus, por lo que es importante seguir brindando alternativas para enfrentar los desaf\u00edos que se nos presenten en el camino\u201d.<\/p>\n","protected":false},"excerpt":{"rendered":"<p>Como un gran alivio para cientos de pymes que atraviesan momentos complejos por la pandemia del Coronavirus en la regi\u00f3n, calific\u00f3 la diputada Sof\u00eda Cid&hellip; <\/p>\n","protected":false},"author":2,"featured_media":24933,"comment_status":"open","ping_status":"closed","sticky":false,"template":"","format":"standard","meta":{"footnotes":""},"categories":[7],"tags":[],"class_list":["post-35026","post","type-post","status-publish","format-standard","has-post-thumbnail","hentry","category-atacama"],"_links":{"self":[{"href":"https:\/\/www.radioamigavallenar.cl\/index.php?rest_route=\/wp\/v2\/posts\/35026","targetHints":{"allow":["GET"]}}],"collection":[{"href":"https:\/\/www.radioamigavallenar.cl\/index.php?rest_route=\/wp\/v2\/posts"}],"about":[{"href":"https:\/\/www.radioamigavallenar.cl\/index.php?rest_route=\/wp\/v2\/types\/post"}],"author":[{"embeddable":true,"href":"https:\/\/www.radioamigavallenar.cl\/index.php?rest_route=\/wp\/v2\/users\/2"}],"replies":[{"embeddable":true,"href":"https:\/\/www.radioamigavallenar.cl\/index.php?rest_route=%2Fwp%2Fv2%2Fcomments&post=35026"}],"version-history":[{"count":1,"href":"https:\/\/www.radioamigavallenar.cl\/index.php?rest_route=\/wp\/v2\/posts\/35026\/revisions"}],"predecessor-version":[{"id":35027,"href":"https:\/\/www.radioamigavallenar.cl\/index.php?rest_route=\/wp\/v2\/posts\/35026\/revisions\/35027"}],"wp:featuredmedia":[{"embeddable":true,"href":"https:\/\/www.radioamigavallenar.cl\/index.php?rest_route=\/wp\/v2\/media\/24933"}],"wp:attachment":[{"href":"https:\/\/www.radioamigavallenar.cl\/index.php?rest_route=%2Fwp%2Fv2%2Fmedia&parent=35026"}],"wp:term":[{"taxonomy":"category","embeddable":true,"href":"https:\/\/www.radioamigavallenar.cl\/index.php?rest_route=%2Fwp%2Fv2%2Fcategories&post=35026"},{"taxonomy":"post_tag","embeddable":true,"href":"https:\/\/www.radioamigavallenar.cl\/index.php?rest_route=%2Fwp%2Fv2%2Ftags&post=35026"}],"curies":[{"name":"wp","href":"https:\/\/api.w.org\/{rel}","templated":true}]}}