{"id":35023,"date":"2021-01-22T06:00:00","date_gmt":"2021-01-22T09:00:00","guid":{"rendered":"https:\/\/www.radioamigavallenar.cl\/?p=35023"},"modified":"2021-01-21T21:27:38","modified_gmt":"2021-01-22T00:27:38","slug":"autoridades-de-atacama-entregan-detalles-de-la-nueva-ley-de-electrodependientes","status":"publish","type":"post","link":"https:\/\/www.radioamigavallenar.cl\/?p=35023","title":{"rendered":"Autoridades de Atacama entregan detalles de la nueva Ley de Electrodependientes"},"content":{"rendered":"<p><strong>La denominada \u201cLey Lucas Riquelme\u201d, que el pasado 21 de diciembre fue aprobada, luego de tres a\u00f1os de tramitaci\u00f3n, beneficiar\u00e1 a 22 mil pacientes que necesitan estar conectados a un dispositivo para vivir.<\/strong><\/p>\n<p>&nbsp;<\/p>\n<p>&nbsp;<\/p>\n<p>La se\u00f1ora Norma Villavicencio (93) es ox\u00edgenodependiente y pertenece a una de las 209 familias que en Atacama se ver\u00e1n beneficiadas con la nueva Ley de Electrodependientes, tambi\u00e9n llamada \u201cLey Lucas Riquelme\u201d. Por eso, las autoridades de la regi\u00f3n quisieron conversar con ella y su hija, Mar\u00eda In\u00e9s \u00c1valos, de manera telem\u00e1tica, para entregarles esta buena noticia que, a nivel nacional, ir\u00e1 en ayuda de 22 mil pacientes que necesitan estar conectados a un dispositivo para vivir.<\/p>\n<p>\u201c\u00c9sta es una buena se\u00f1al de protecci\u00f3n para ustedes y, principalmente, porque hoy d\u00eda hay un tema que nosotros conocemos bien, que es la situaci\u00f3n en que se encuentran los pacientes electrodependientes en sus hogares, y sus familias, y lo que significa aquello, no s\u00f3lo en t\u00e9rminos emocionales, sino que tambi\u00e9n monetarios. Hoy d\u00eda hay una ley que los resguarda, los proteger y dentro de esto las empresas les van a descontar a ustedes el consumo asociado a los aparatos de electricidad que les permitan mantenerse, como en el caso de la se\u00f1ora Norma\u201d, explic\u00f3\u00a0<strong>la seremi de Energ\u00eda Atacama, Kim-Fa Bondi,<\/strong>\u00a0a\u00f1adiendo: \u201cYo, de verdad, estoy muy contenta, porque \u00e9ste es un avance grande, \u00e9sta es una ley que lleva bastante tiempo tramit\u00e1ndose \u2013 tres a\u00f1os \u2013 y queremos pedirles que nos ayuden a difundir que las personas que son hoy d\u00eda electrodependientes se inscriban en los registros de la SEC o de las empresas distribuidoras para que puedan acceder a los beneficios de esta nueva normativa\u201d.<\/p>\n<p>Al respecto,\u00a0<strong>el seremi de Desarrollo Social, Luis Morales,<\/strong>\u00a0indic\u00f3 que: \u201cPara el Gobierno de nuestro Presidente Sebasti\u00e1n Pi\u00f1era, la situaci\u00f3n de los pacientes electrodependientes y sus familias ante la interrupci\u00f3n del suministro el\u00e9ctrico es compleja y , porque entre otras cosas, muchas veces no se tiene mayor certeza sobre reposici\u00f3n del servicio, transform\u00e1ndose en un problema de salud, pues su vida depende del buen funcionamiento de una m\u00e1quina y, por supuesto, era motivo de preocupaci\u00f3n para nosotros como Ministerio de Desarrollo Social y Familia. Por eso, esta Ley Lucas Roquelme es una tan buena noticia para todas estas familias\u201d.<\/p>\n<p>Asimismo, el\u00a0<strong>director regional de la Superintendencia de Electricidad y Combustibles (SEC), Iv\u00e1n Lillo,\u00a0<\/strong>explic\u00f3 que: \u201cLo que en un principio fue un acuerdo con la empresa el\u00e9ctrica hoy d\u00eda ya se transform\u00f3 en ley. Eso tambi\u00e9n implica que los pacientes que quieran ser beneficiarios de esta ley deban hacer el tr\u00e1mite de inscribirse formalmente en el Registro de Pacientes Electrodependientes\u201d, tr\u00e1mite que se puede realizar en la p\u00e1gina de la SEC\u00a0<a href=\"https:\/\/www.sec.cl\/pacientes-electrodependientes\/\">https:\/\/www.sec.cl\/pacientes-electrodependientes\/<\/a>. Adem\u00e1s, la autoridad agreg\u00f3 que \u201cen este minuto, por temas de la pandemia, todos los certificados que estaban pr\u00f3ximos a vencer se extendieron hasta que termine la condici\u00f3n del Estado de Emergencia\u201d.<\/p>\n<p>Por su parte, las se\u00f1oras Norma y Mar\u00eda In\u00e9s agradecieron la informaci\u00f3n y las gestiones para lograr que el acuerdo voluntario suscrito entre las empresas distribuidoras y el Ministerio de Energ\u00eda, hoy sea Ley de la Rep\u00fablica.<\/p>\n<p>Seg\u00fan lo informado por el\u00a0<strong>biministro de Miner\u00eda y Energ\u00eda, Juan Carlos Jobet<\/strong>, a la fecha, se cuenta con un total de 5.196 pacientes electrodependientes inscritos y vigentes ante la SEC a nivel nacional, puntualizando que: \u201cRespecto de las medidas que han estado informando las empresas para ir en ayuda de los hogares con este tipo de pacientes van desde un descuento en la cuenta de la luz, no corte de suministro por deuda, priorizaci\u00f3n en la reposici\u00f3n de suministro ante cortes de suministro hasta la entrega, en comodato, de equipos generadores o de respaldo\u201d.<\/p>\n<p><strong>En t\u00e9rminos generales, la nueva ley establece:<\/strong><\/p>\n<ul>\n<li>\u201cSon personas electrodependientes aquellas que para el tratamiento de la patolog\u00eda que padecen se encuentran en condici\u00f3n de hospitalizaci\u00f3n domiciliaria y necesitan permanecer conectadas f\u00edsicamente, de forma continua o transitoria, a un elemento de uso m\u00e9dico y que requieren suministro el\u00e9ctrico para su funcionamiento. Sin \u00e9l, estar\u00edan en riesgo vital o de secuela funcional severa grave.<\/li>\n<li>Las empresas concesionarias del servicio p\u00fablico de distribuci\u00f3n el\u00e9ctrica deber\u00e1n llevar un registro de personas electrodependientes con residencia en su respectiva zona de concesi\u00f3n.<\/li>\n<li>El incumplimiento de la obligaci\u00f3n establecida en el inciso anterior se considerar\u00e1 una infracci\u00f3n grav\u00edsima que ser\u00e1 sancionada de conformidad con las normas de la Superintendencia de Electricidad y Combustibles.<\/li>\n<li>Las empresas concesionarias descontar\u00e1n el consumo de energ\u00eda asociado al funcionamiento de los dispositivos de uso m\u00e9dico que requiera una persona electrodependiente.<\/li>\n<li>Para hacer efectiva la obligaci\u00f3n establecida en el inciso anterior, las empresas concesionarias deber\u00e1n incorporar entre el sistema de conexi\u00f3n central del domicilio y los dispositivos de uso m\u00e9dico, un mecanismo de medici\u00f3n de consumo de costo de la empresa, medici\u00f3n que deber\u00e1 ser descontada del total mensual de consumo del domicilio\u201d.<\/li>\n<\/ul>\n","protected":false},"excerpt":{"rendered":"<p>La denominada \u201cLey Lucas Riquelme\u201d, que el pasado 21 de diciembre fue aprobada, luego de tres a\u00f1os de tramitaci\u00f3n, beneficiar\u00e1 a 22 mil pacientes que&hellip; <\/p>\n","protected":false},"author":2,"featured_media":0,"comment_status":"open","ping_status":"closed","sticky":false,"template":"","format":"standard","meta":{"footnotes":""},"categories":[7],"tags":[],"class_list":["post-35023","post","type-post","status-publish","format-standard","hentry","category-atacama"],"_links":{"self":[{"href":"https:\/\/www.radioamigavallenar.cl\/index.php?rest_route=\/wp\/v2\/posts\/35023","targetHints":{"allow":["GET"]}}],"collection":[{"href":"https:\/\/www.radioamigavallenar.cl\/index.php?rest_route=\/wp\/v2\/posts"}],"about":[{"href":"https:\/\/www.radioamigavallenar.cl\/index.php?rest_route=\/wp\/v2\/types\/post"}],"author":[{"embeddable":true,"href":"https:\/\/www.radioamigavallenar.cl\/index.php?rest_route=\/wp\/v2\/users\/2"}],"replies":[{"embeddable":true,"href":"https:\/\/www.radioamigavallenar.cl\/index.php?rest_route=%2Fwp%2Fv2%2Fcomments&post=35023"}],"version-history":[{"count":1,"href":"https:\/\/www.radioamigavallenar.cl\/index.php?rest_route=\/wp\/v2\/posts\/35023\/revisions"}],"predecessor-version":[{"id":35025,"href":"https:\/\/www.radioamigavallenar.cl\/index.php?rest_route=\/wp\/v2\/posts\/35023\/revisions\/35025"}],"wp:attachment":[{"href":"https:\/\/www.radioamigavallenar.cl\/index.php?rest_route=%2Fwp%2Fv2%2Fmedia&parent=35023"}],"wp:term":[{"taxonomy":"category","embeddable":true,"href":"https:\/\/www.radioamigavallenar.cl\/index.php?rest_route=%2Fwp%2Fv2%2Fcategories&post=35023"},{"taxonomy":"post_tag","embeddable":true,"href":"https:\/\/www.radioamigavallenar.cl\/index.php?rest_route=%2Fwp%2Fv2%2Ftags&post=35023"}],"curies":[{"name":"wp","href":"https:\/\/api.w.org\/{rel}","templated":true}]}}