{"id":35020,"date":"2021-01-22T06:00:47","date_gmt":"2021-01-22T09:00:47","guid":{"rendered":"https:\/\/www.radioamigavallenar.cl\/?p=35020"},"modified":"2021-01-21T21:26:43","modified_gmt":"2021-01-22T00:26:43","slug":"personas-sorprendidas-incumpliendo-cuarentena-seran-sometidas-a-audiencia-de-control-de-detencion","status":"publish","type":"post","link":"https:\/\/www.radioamigavallenar.cl\/?p=35020","title":{"rendered":"Personas sorprendidas incumpliendo cuarentena ser\u00e1n sometidas a audiencia de control de detenci\u00f3n"},"content":{"rendered":"<p><strong>Desde el Ministerio P\u00fablico se indic\u00f3 que aquellas personas que sean sorprendidas sin los permisos respectivos durante la cuarentena o toque de queda y que no cuenten con una justificaci\u00f3n, ser\u00e1n detenidos y pasados, al d\u00eda siguiente, a audiencia de control de detenci\u00f3n para la formalizaci\u00f3n de cargos.<\/strong><\/p>\n<p><strong><em>\u00a0<\/em><\/strong><span id=\"more-234706\"><\/span><\/p>\n<p>Debido al preocupante aumento de contagios en nuestra regi\u00f3n, lo que motiv\u00f3 que la autoridad sanitaria dispusiera Fase 2 para varias comunas y teniendo en cuenta las consecuencias que esta situaci\u00f3n genera en el corto plazo, la Fiscal\u00eda de Atacama inform\u00f3 que toda persona que sea sorprendida por la polic\u00eda en la v\u00eda p\u00fablica durante la cuarentena decretada para los fines de semana, sin los permisos de desplazamientos o sin contar con una justificaci\u00f3n razonable, ser\u00e1 puesta a disposici\u00f3n del Juzgado de Garant\u00eda para su respectivo requerimiento o formalizaci\u00f3n al d\u00eda siguiente de su detenci\u00f3n.<\/p>\n<p>La medida implicar\u00e1 la privaci\u00f3n de libertad en una unidad policial a espera de dicha audiencia, por un plazo cercano a las 24 horas, sin perjuicio de la pena que puede aplicar el Tribunal, la que parte en 61 d\u00edas de presidio y una multa va desde los 302 mil pesos, pudiendo llegar hasta los 10 millones de pesos.<\/p>\n<p>Respecto de este tema, el Fiscal Regional de Atacama, Alexis Rogat Lucero, indic\u00f3 que ya realiz\u00f3 las reuniones de coordinaci\u00f3n con cada uno de los fiscales jefes de las comunas de la regi\u00f3n a objeto de aplicar la medida indicada con la mayor severidad ante aquellos casos que impliquen un riesgo de contagio para la comunidad.<\/p>\n<p>\u201cActualmente las cifras de casos activos en la regi\u00f3n superan las 300 personas, por lo que se requiere que toda la comunidad respete la restricci\u00f3n de desplazamiento aplicada por la autoridad respectiva los s\u00e1bados y domingos. Por ello, a fin de garantizar el cumplimiento de dichas medidas y ante el rol activo que creemos debe desempe\u00f1ar el Ministerio P\u00fablico, es que informamos que aquellas personas que sean sorprendidas en la v\u00eda p\u00fablica sin los permisos respectivos ser\u00e1n detenidas y presentadas, al d\u00eda siguiente, a la audiencia de control de detenci\u00f3n donde ser\u00e1n requeridas o formalizadas por infracci\u00f3n al art\u00edculo 318 del C\u00f3digo Penal ante el Juzgado de Garant\u00eda\u201d, indic\u00f3 Rogat.<\/p>\n<p>La autoridad agreg\u00f3 que esta medida se concretar\u00e1 en todas aquellas comunas de la regi\u00f3n que se encuentren en Fase 2, por lo que hizo un llamado a los habitantes de Atacama para que respeten el toque de queda y la cuarentena.<\/p>\n","protected":false},"excerpt":{"rendered":"<p>Desde el Ministerio P\u00fablico se indic\u00f3 que aquellas personas que sean sorprendidas sin los permisos respectivos durante la cuarentena o toque de queda y que&hellip; <\/p>\n","protected":false},"author":2,"featured_media":0,"comment_status":"open","ping_status":"closed","sticky":false,"template":"","format":"standard","meta":{"footnotes":""},"categories":[7],"tags":[],"class_list":["post-35020","post","type-post","status-publish","format-standard","hentry","category-atacama"],"_links":{"self":[{"href":"https:\/\/www.radioamigavallenar.cl\/index.php?rest_route=\/wp\/v2\/posts\/35020","targetHints":{"allow":["GET"]}}],"collection":[{"href":"https:\/\/www.radioamigavallenar.cl\/index.php?rest_route=\/wp\/v2\/posts"}],"about":[{"href":"https:\/\/www.radioamigavallenar.cl\/index.php?rest_route=\/wp\/v2\/types\/post"}],"author":[{"embeddable":true,"href":"https:\/\/www.radioamigavallenar.cl\/index.php?rest_route=\/wp\/v2\/users\/2"}],"replies":[{"embeddable":true,"href":"https:\/\/www.radioamigavallenar.cl\/index.php?rest_route=%2Fwp%2Fv2%2Fcomments&post=35020"}],"version-history":[{"count":1,"href":"https:\/\/www.radioamigavallenar.cl\/index.php?rest_route=\/wp\/v2\/posts\/35020\/revisions"}],"predecessor-version":[{"id":35022,"href":"https:\/\/www.radioamigavallenar.cl\/index.php?rest_route=\/wp\/v2\/posts\/35020\/revisions\/35022"}],"wp:attachment":[{"href":"https:\/\/www.radioamigavallenar.cl\/index.php?rest_route=%2Fwp%2Fv2%2Fmedia&parent=35020"}],"wp:term":[{"taxonomy":"category","embeddable":true,"href":"https:\/\/www.radioamigavallenar.cl\/index.php?rest_route=%2Fwp%2Fv2%2Fcategories&post=35020"},{"taxonomy":"post_tag","embeddable":true,"href":"https:\/\/www.radioamigavallenar.cl\/index.php?rest_route=%2Fwp%2Fv2%2Ftags&post=35020"}],"curies":[{"name":"wp","href":"https:\/\/api.w.org\/{rel}","templated":true}]}}