{"id":35017,"date":"2021-01-22T06:00:48","date_gmt":"2021-01-22T09:00:48","guid":{"rendered":"https:\/\/www.radioamigavallenar.cl\/?p=35017"},"modified":"2021-01-21T21:25:45","modified_gmt":"2021-01-22T00:25:45","slug":"jvrh-destaco-compromiso-de-cesion-de-derechos-eventuales-del-embalse-santa-juana","status":"publish","type":"post","link":"https:\/\/www.radioamigavallenar.cl\/?p=35017","title":{"rendered":"JVRH destac\u00f3 compromiso de cesi\u00f3n de derechos eventuales del Embalse Santa Juana"},"content":{"rendered":"<p>La Junta de Vigilancia de la Cuenca del R\u00edo Huasco (JVRH) en su af\u00e1n por regularizar los derechos de aprovechamiento de aguas eventuales del Embalse Santa Juana (ESJ), comenz\u00f3 con las primeras suscripciones de compromiso de escrituras de cesi\u00f3n de derechos del embalse.<span id=\"more-234699\"><\/span><\/p>\n<p>El 13 de enero del a\u00f1o en curso se llevaron a cabo las primeras suscripciones de las escrituras de compromiso de cesi\u00f3n de derechos del ESJ, al respecto conversamos con Mari\u00f3n Espinoza, abogada Encargada del Programa de Fortalecimiento del Traspaso del ESJ, quien destac\u00f3 la importancia que tienen\u00a0 las firmas de estas escrituras; \u201cya que nos permite dar inicio al proceso de preparaci\u00f3n para la entrega de derechos y conforme a aquello llamar a todos los usuarios, a que se acerquen a la JVRH, para que puedan regularizar sus acciones eventuales y de este modo hacerlos participes de este proceso de las nuevas suscripciones de las escrituras\u00bb.<\/p>\n","protected":false},"excerpt":{"rendered":"<p>La Junta de Vigilancia de la Cuenca del R\u00edo Huasco (JVRH) en su af\u00e1n por regularizar los derechos de aprovechamiento de aguas eventuales del Embalse&hellip; <\/p>\n","protected":false},"author":2,"featured_media":0,"comment_status":"open","ping_status":"closed","sticky":false,"template":"","format":"standard","meta":{"footnotes":""},"categories":[7],"tags":[],"class_list":["post-35017","post","type-post","status-publish","format-standard","hentry","category-atacama"],"_links":{"self":[{"href":"https:\/\/www.radioamigavallenar.cl\/index.php?rest_route=\/wp\/v2\/posts\/35017","targetHints":{"allow":["GET"]}}],"collection":[{"href":"https:\/\/www.radioamigavallenar.cl\/index.php?rest_route=\/wp\/v2\/posts"}],"about":[{"href":"https:\/\/www.radioamigavallenar.cl\/index.php?rest_route=\/wp\/v2\/types\/post"}],"author":[{"embeddable":true,"href":"https:\/\/www.radioamigavallenar.cl\/index.php?rest_route=\/wp\/v2\/users\/2"}],"replies":[{"embeddable":true,"href":"https:\/\/www.radioamigavallenar.cl\/index.php?rest_route=%2Fwp%2Fv2%2Fcomments&post=35017"}],"version-history":[{"count":1,"href":"https:\/\/www.radioamigavallenar.cl\/index.php?rest_route=\/wp\/v2\/posts\/35017\/revisions"}],"predecessor-version":[{"id":35019,"href":"https:\/\/www.radioamigavallenar.cl\/index.php?rest_route=\/wp\/v2\/posts\/35017\/revisions\/35019"}],"wp:attachment":[{"href":"https:\/\/www.radioamigavallenar.cl\/index.php?rest_route=%2Fwp%2Fv2%2Fmedia&parent=35017"}],"wp:term":[{"taxonomy":"category","embeddable":true,"href":"https:\/\/www.radioamigavallenar.cl\/index.php?rest_route=%2Fwp%2Fv2%2Fcategories&post=35017"},{"taxonomy":"post_tag","embeddable":true,"href":"https:\/\/www.radioamigavallenar.cl\/index.php?rest_route=%2Fwp%2Fv2%2Ftags&post=35017"}],"curies":[{"name":"wp","href":"https:\/\/api.w.org\/{rel}","templated":true}]}}