{"id":35009,"date":"2021-01-21T12:22:03","date_gmt":"2021-01-21T15:22:03","guid":{"rendered":"https:\/\/www.radioamigavallenar.cl\/?p=35009"},"modified":"2021-01-21T12:22:03","modified_gmt":"2021-01-21T15:22:03","slug":"senador-prohens-destaca-avance-en-proyecto-que-sanciona-el-uso-de-menores-en-crimenes-o-delitos","status":"publish","type":"post","link":"https:\/\/www.radioamigavallenar.cl\/?p=35009","title":{"rendered":"Senador Prohens destaca avance en proyecto que sanciona el uso de menores en cr\u00edmenes o delitos"},"content":{"rendered":"<p>El parlamentario por Atacama, Rafael Prohens, celebr\u00f3 el avance del proyecto de ley que fue despachado a segundo tr\u00e1mite a la C\u00e1mara de Diputados que tiene por objetivo tipificar la utilizaci\u00f3n de menores para la comisi\u00f3n de cr\u00edmenes o delitos.<\/p>\n<p>\u201cEste proyecto de ley, que fueron dos textos refundidos y uno de ellos de mi autor\u00eda junto al senador Ossand\u00f3n, tiene como foco proteger a los ni\u00f1os, ni\u00f1as y adolescentes de las influencias negativas que ejercen sobre ellos los mayores de edad, al hacerlos responsables de diversos delitos y cr\u00edmenes\u201d, se\u00f1al\u00f3 Prohens.<\/p>\n<p>En la misma l\u00ednea, agreg\u00f3 que la iniciativa contempla la sustituci\u00f3n del art\u00edculo 72 del C\u00f3digo Penal, para establecer que cuando un delito sea cometido con la intervenci\u00f3n de menores de dieciocho a\u00f1os de edad, se excluir\u00e1 el grado m\u00ednimo de la pena se\u00f1alada, respecto a los imputados mayores de edad que hubiesen participado del delito.<\/p>\n<p>\u201cEs decir, aquel mayor de edad que cometa un delito acompa\u00f1ado de un menor de edad, no podr\u00e1 optar por la pena de 3 a 5 a\u00f1os por lo que su opci\u00f3n ser\u00e1 optar una pena que comenzar\u00e1 desde el tramo m\u00e1ximo, o sea de 4 a 5 a\u00f1os\u201d, explic\u00f3 Prohens. Agreg\u00f3 que, el tribunal al momento de determinar la pena tendr\u00e1 especial consideraci\u00f3n si se trata de un menor de 14 a\u00f1os, adem\u00e1s, cualquier consentimiento dado por el menor de dieciocho a\u00f1os no eximir\u00e1 al mayor de edad de la responsabilidad que le impone el presente proyecto.<\/p>\n<p>Prohens enfatiz\u00f3 que \u201clos delincuentes experimentados conocen el r\u00e9gimen especial jur\u00eddico penal de los ni\u00f1os, ni\u00f1as y adolescentes que los convierte en sujetos inimputables por lo que, su utilizaci\u00f3n se hace favorable a la hora de enfrentar a la ley una vez cometido el acto\u201d.<\/p>\n<p>Para el parlamentario, resulta fundamental terminar con este recursos y abuso hacia los menores de edad, oblig\u00e1ndolos o incit\u00e1ndolos en muchas oportunidades a delinquir o participar con mayores de edad en la perpetraci\u00f3n de delitos.<\/p>\n<p>Finalmente, el senador agradeci\u00f3 que el proyecto haya sido aprobado en general y particular por todos los senadores presentes, esto, tras ser tramitado en la Comisi\u00f3n de Seguridad P\u00fablica del Senado y posteriormente en la Sala.<\/p>\n","protected":false},"excerpt":{"rendered":"<p>El parlamentario por Atacama, Rafael Prohens, celebr\u00f3 el avance del proyecto de ley que fue despachado a segundo tr\u00e1mite a la C\u00e1mara de Diputados que&hellip; <\/p>\n","protected":false},"author":2,"featured_media":27985,"comment_status":"open","ping_status":"closed","sticky":false,"template":"","format":"standard","meta":{"footnotes":""},"categories":[7],"tags":[],"class_list":["post-35009","post","type-post","status-publish","format-standard","has-post-thumbnail","hentry","category-atacama"],"_links":{"self":[{"href":"https:\/\/www.radioamigavallenar.cl\/index.php?rest_route=\/wp\/v2\/posts\/35009","targetHints":{"allow":["GET"]}}],"collection":[{"href":"https:\/\/www.radioamigavallenar.cl\/index.php?rest_route=\/wp\/v2\/posts"}],"about":[{"href":"https:\/\/www.radioamigavallenar.cl\/index.php?rest_route=\/wp\/v2\/types\/post"}],"author":[{"embeddable":true,"href":"https:\/\/www.radioamigavallenar.cl\/index.php?rest_route=\/wp\/v2\/users\/2"}],"replies":[{"embeddable":true,"href":"https:\/\/www.radioamigavallenar.cl\/index.php?rest_route=%2Fwp%2Fv2%2Fcomments&post=35009"}],"version-history":[{"count":1,"href":"https:\/\/www.radioamigavallenar.cl\/index.php?rest_route=\/wp\/v2\/posts\/35009\/revisions"}],"predecessor-version":[{"id":35010,"href":"https:\/\/www.radioamigavallenar.cl\/index.php?rest_route=\/wp\/v2\/posts\/35009\/revisions\/35010"}],"wp:featuredmedia":[{"embeddable":true,"href":"https:\/\/www.radioamigavallenar.cl\/index.php?rest_route=\/wp\/v2\/media\/27985"}],"wp:attachment":[{"href":"https:\/\/www.radioamigavallenar.cl\/index.php?rest_route=%2Fwp%2Fv2%2Fmedia&parent=35009"}],"wp:term":[{"taxonomy":"category","embeddable":true,"href":"https:\/\/www.radioamigavallenar.cl\/index.php?rest_route=%2Fwp%2Fv2%2Fcategories&post=35009"},{"taxonomy":"post_tag","embeddable":true,"href":"https:\/\/www.radioamigavallenar.cl\/index.php?rest_route=%2Fwp%2Fv2%2Ftags&post=35009"}],"curies":[{"name":"wp","href":"https:\/\/api.w.org\/{rel}","templated":true}]}}