{"id":35006,"date":"2021-01-21T11:59:51","date_gmt":"2021-01-21T14:59:51","guid":{"rendered":"https:\/\/www.radioamigavallenar.cl\/?p=35006"},"modified":"2021-01-21T11:59:51","modified_gmt":"2021-01-21T14:59:51","slug":"municipio-de-vallenar-y-camara-chilena-de-la-construccion-entablan-dialogos-con-familias-de-la-toma-6-de-enero","status":"publish","type":"post","link":"https:\/\/www.radioamigavallenar.cl\/?p=35006","title":{"rendered":"Municipio de Vallenar y c\u00e1mara chilena de la construcci\u00f3n entablan di\u00e1logos con familias de la toma 6 de enero"},"content":{"rendered":"<p>El equipo municipal, encabezado por el Alcalde V\u00edctor Isla Lutz y el encargado de la Egis Municipal Cristian Zuleta, en conjunto al Director Regional de la C\u00e1mara Chilena de la Construcci\u00f3n (CChC) Guillermo Ram\u00edrez, visitaron a las familias de la toma 6 de Enero, sellando importantes acuerdos.<\/p>\n<p>Este encuentro, qued\u00f3 pactado el pasado 14 de enero en la comuna de Cha\u00f1aral, donde se firm\u00f3 un convenio entre la Asociaci\u00f3n Regional de Municipios de Atacama (ARMA) y la CChC, oportunidad donde el Alcalde Isla, expuso la situaci\u00f3n de cientos de vecinos de la comuna de Vallenar que viven en tomas, dejando comprometida esta importante visita.<\/p>\n<p>El Director Regional de la C\u00e1mara Chilena de la Construcci\u00f3n (CChC) Guillermo Ram\u00edrez se\u00f1al\u00f3 que el tema campamento que se vive en Vallenar, tiene cierta complejidad, ya que, se encuentra en terrenos de privados, lo que implicar\u00eda ver la posibilidad de llegar a acuerdos, teniendo en cuenta que los recursos son limitados. Adem\u00e1s, se\u00f1al\u00f3 que no se descartan otras alternativas para la soluci\u00f3n. \u201cSabemos que esta lucha hay que darla, para ello que exista la empat\u00eda entre las familias y las autoridades para poder llegar a una soluci\u00f3n en fundamental\u201d se\u00f1al\u00f3.<\/p>\n<p>En tanto, la Presidenta de la Toma 6 de Enero Johana Donoso, agradeci\u00f3 la instancia de dialogo y solicit\u00f3 apoyo, especialmente en aspectos relacionados a la limpieza.<\/p>\n<p>\u201cQuedamos contentos con la visita del Alcalde, el equipo Egis y los representantes de la C\u00e1mara Chilena de la Construcci\u00f3n, donde, comenzamos los canales de di\u00e1logo para buscar una soluci\u00f3n definitiva, lo que, para nosotros, es un hito\u2026 llevamos m\u00e1s de 10 a\u00f1os esperando este momento\u201d.<\/p>\n<p>Por su parte, el Alcalde V\u00edctor Isla Lutz, se\u00f1al\u00f3, \u201cNo llegamos con el \u00e1nimo de prometer nada, sino, de potenciar el trabajo en conjunto que tenemos que hacer de la mano con la comunidad organizada, las autoridades y los privados, Hoy hemos dado un paso fundamental en este camino de conversaci\u00f3n y de alcanzar acuerdos para llegar a soluciones por las familias de Vallenar\u201d.<\/p>\n<p>En la oportunidad, el Alcalde V\u00edctor Isla, se\u00f1al\u00f3 que seguir\u00e1 golpeando puestas en b\u00fasqueda de una soluci\u00f3n para las familias que viven en situaci\u00f3n de campamento.<\/p>\n","protected":false},"excerpt":{"rendered":"<p>El equipo municipal, encabezado por el Alcalde V\u00edctor Isla Lutz y el encargado de la Egis Municipal Cristian Zuleta, en conjunto al Director Regional de&hellip; <\/p>\n","protected":false},"author":2,"featured_media":0,"comment_status":"open","ping_status":"closed","sticky":false,"template":"","format":"standard","meta":{"footnotes":""},"categories":[38],"tags":[],"class_list":["post-35006","post","type-post","status-publish","format-standard","hentry","category-portada-regional"],"_links":{"self":[{"href":"https:\/\/www.radioamigavallenar.cl\/index.php?rest_route=\/wp\/v2\/posts\/35006","targetHints":{"allow":["GET"]}}],"collection":[{"href":"https:\/\/www.radioamigavallenar.cl\/index.php?rest_route=\/wp\/v2\/posts"}],"about":[{"href":"https:\/\/www.radioamigavallenar.cl\/index.php?rest_route=\/wp\/v2\/types\/post"}],"author":[{"embeddable":true,"href":"https:\/\/www.radioamigavallenar.cl\/index.php?rest_route=\/wp\/v2\/users\/2"}],"replies":[{"embeddable":true,"href":"https:\/\/www.radioamigavallenar.cl\/index.php?rest_route=%2Fwp%2Fv2%2Fcomments&post=35006"}],"version-history":[{"count":1,"href":"https:\/\/www.radioamigavallenar.cl\/index.php?rest_route=\/wp\/v2\/posts\/35006\/revisions"}],"predecessor-version":[{"id":35008,"href":"https:\/\/www.radioamigavallenar.cl\/index.php?rest_route=\/wp\/v2\/posts\/35006\/revisions\/35008"}],"wp:attachment":[{"href":"https:\/\/www.radioamigavallenar.cl\/index.php?rest_route=%2Fwp%2Fv2%2Fmedia&parent=35006"}],"wp:term":[{"taxonomy":"category","embeddable":true,"href":"https:\/\/www.radioamigavallenar.cl\/index.php?rest_route=%2Fwp%2Fv2%2Fcategories&post=35006"},{"taxonomy":"post_tag","embeddable":true,"href":"https:\/\/www.radioamigavallenar.cl\/index.php?rest_route=%2Fwp%2Fv2%2Ftags&post=35006"}],"curies":[{"name":"wp","href":"https:\/\/api.w.org\/{rel}","templated":true}]}}