{"id":35000,"date":"2021-01-21T10:23:06","date_gmt":"2021-01-21T13:23:06","guid":{"rendered":"https:\/\/www.radioamigavallenar.cl\/?p=35000"},"modified":"2021-01-21T10:23:06","modified_gmt":"2021-01-21T13:23:06","slug":"enap-proyecta-nueva-alza-en-precio-de-bencinas-y-combustibles-desde-este-jueves","status":"publish","type":"post","link":"https:\/\/www.radioamigavallenar.cl\/?p=35000","title":{"rendered":"ENAP proyecta nueva alza en precio de bencinas y combustibles desde este jueves"},"content":{"rendered":"<p><strong>El organismo indic\u00f3 que las gasolinas de 93 y 97 octanos registrar\u00e1n un aumento de $6,1 por litro, al igual que el petr\u00f3leo di\u00e9sel.<\/strong><span id=\"more-234661\"><\/span><\/p>\n<p>La<strong>\u00a0Empresa Nacional del Petr\u00f3leo (ENAP)<\/strong>\u00a0entreg\u00f3 hoy una nueva proyecci\u00f3n en la variaci\u00f3n del precio de\u00a0<strong>combustibles<\/strong>, los que, de acuerdo a la tendencia general sostenida durante este a\u00f1o, experimentar\u00e1n una nueva alza en el precio desde este jueves.<\/p>\n<p>Seg\u00fan inform\u00f3 la estatal en su informe, las gasolinas de 93 y 97 octanos registrar\u00e1n un aumento de $6,1 pesos por litro de bencina, misma alza que experimentar\u00e1 el\u00a0<strong>petr\u00f3leo di\u00e9sel.<\/strong><\/p>\n<p>En tanto, el\u00a0<strong>gas licuado de uso vehicular seguir\u00e1 con su tendencia al incremento<\/strong>, igualando la cifra de los otros tipos de combustibles:\u00a0<strong>$6,1 pesos por litro.<\/strong><\/p>\n<p>Ante ello, ENAP destac\u00f3 que conclusiones y estimaciones se ejecutaron\u00a0<strong>\u00abconsiderando la regla de Precio Paridad de Importaci\u00f3n, el Mecanismo de Estabilizaci\u00f3n de Precios de Combustibles (MEPCO)<\/strong>, el Fondo de Estabilizaci\u00f3n de Precios del Petr\u00f3leo (FEEP), y los mecanismos establecidos por la autoridad\u00bb.<\/p>\n","protected":false},"excerpt":{"rendered":"<p>El organismo indic\u00f3 que las gasolinas de 93 y 97 octanos registrar\u00e1n un aumento de $6,1 por litro, al igual que el petr\u00f3leo di\u00e9sel. La\u00a0Empresa&hellip; <\/p>\n","protected":false},"author":2,"featured_media":22707,"comment_status":"open","ping_status":"closed","sticky":false,"template":"","format":"standard","meta":{"footnotes":""},"categories":[38],"tags":[],"class_list":["post-35000","post","type-post","status-publish","format-standard","has-post-thumbnail","hentry","category-portada-regional"],"_links":{"self":[{"href":"https:\/\/www.radioamigavallenar.cl\/index.php?rest_route=\/wp\/v2\/posts\/35000","targetHints":{"allow":["GET"]}}],"collection":[{"href":"https:\/\/www.radioamigavallenar.cl\/index.php?rest_route=\/wp\/v2\/posts"}],"about":[{"href":"https:\/\/www.radioamigavallenar.cl\/index.php?rest_route=\/wp\/v2\/types\/post"}],"author":[{"embeddable":true,"href":"https:\/\/www.radioamigavallenar.cl\/index.php?rest_route=\/wp\/v2\/users\/2"}],"replies":[{"embeddable":true,"href":"https:\/\/www.radioamigavallenar.cl\/index.php?rest_route=%2Fwp%2Fv2%2Fcomments&post=35000"}],"version-history":[{"count":1,"href":"https:\/\/www.radioamigavallenar.cl\/index.php?rest_route=\/wp\/v2\/posts\/35000\/revisions"}],"predecessor-version":[{"id":35001,"href":"https:\/\/www.radioamigavallenar.cl\/index.php?rest_route=\/wp\/v2\/posts\/35000\/revisions\/35001"}],"wp:featuredmedia":[{"embeddable":true,"href":"https:\/\/www.radioamigavallenar.cl\/index.php?rest_route=\/wp\/v2\/media\/22707"}],"wp:attachment":[{"href":"https:\/\/www.radioamigavallenar.cl\/index.php?rest_route=%2Fwp%2Fv2%2Fmedia&parent=35000"}],"wp:term":[{"taxonomy":"category","embeddable":true,"href":"https:\/\/www.radioamigavallenar.cl\/index.php?rest_route=%2Fwp%2Fv2%2Fcategories&post=35000"},{"taxonomy":"post_tag","embeddable":true,"href":"https:\/\/www.radioamigavallenar.cl\/index.php?rest_route=%2Fwp%2Fv2%2Ftags&post=35000"}],"curies":[{"name":"wp","href":"https:\/\/api.w.org\/{rel}","templated":true}]}}