{"id":34998,"date":"2021-01-21T10:19:39","date_gmt":"2021-01-21T13:19:39","guid":{"rendered":"https:\/\/www.radioamigavallenar.cl\/?p=34998"},"modified":"2021-01-21T10:19:39","modified_gmt":"2021-01-21T13:19:39","slug":"dolar-profundiza-fuerte-caida-de-ayer-y-opera-por-debajo-de-los-720-en-el-mercado-local","status":"publish","type":"post","link":"https:\/\/www.radioamigavallenar.cl\/?p=34998","title":{"rendered":"D\u00f3lar profundiza fuerte ca\u00edda de ayer y opera por debajo de los $720 en el mercado local"},"content":{"rendered":"<p>Analistas no descartan que el billete verde descienda de los $700 en las pr\u00f3ximas jornadas.<\/p>\n<p>El d\u00f3lar opera esta ma\u00f1ana profundizando el desplome registrado ayer, cuando cay\u00f3 $13,70 luego de que Donald Trump dejara la Casa Blanca y Joe Biden asumiera oficialmente como Presidente de Estados Unidos. A las 08:38 horas, el billete verde ced\u00eda $4,30 , cotizando en puntas de $718,50 vendedor y $718,05 comprador.<\/p>\n<p>Ricardo Bustamante, Jefe de Estudios Trading de Capitaria, coment\u00f3 que \u00abel d\u00f3lar contra el peso chileno ha mostrado una fuerte ca\u00edda desde la sesi\u00f3n de ayer, despu\u00e9s que el cobre mostr\u00f3 un importante avance por las esperanzas de reactivaci\u00f3n econ\u00f3mica mundial, mientras que el optimismo con respecto a mayores est\u00edmulos en Estados Unidos y en el mundo apoya las esperanzas previas\u00bb. Adicionalmente, continu\u00f3, \u00abestos mayores est\u00edmulos que se dar\u00edan con el actual Gobierno de Joe Biden en Estados Unidos, han vuelto a generar un debilitamiento del d\u00f3lar, considerando que el exceso de oferta de la moneda estadounidense se debiera mantener durante bastante tiempo m\u00e1s\u00bb.<\/p>\n<p>Por otra parte, Bustamente se\u00f1al\u00f3 que \u00abel impacto en los flujos locales por las recomendaciones de cambios de fondos y el shock alcista por la nueva pol\u00edtica cambiaria del Banco Central ya se ha agotado, lo que podr\u00eda comenzar a marcar una nueva senda bajista en busca de niveles inferiores a los $700 en las pr\u00f3ximas jornadas, considerando los fundamentos actuales\u00bb.<\/p>\n<p>Por su parte, Jos\u00e9 Ra\u00fal Godoy, jefe de an\u00e1lisis de XTB Latam, se\u00f1al\u00f3 que \u201cel tipo de cambio cotiza a la baja, en l\u00ednea con la depreciaci\u00f3n que ha sufrido el d\u00f3lar a nivel global\u201d. \u201cEl mercado ha tomado con real optimismo la investidura de Biden y esto se refleja en el d\u00f3lar y las materias primas\u201d, dijo, a\u00f1adiendo que \u201ct\u00e9cnicamente esperamos que la tendencia del tipo de cambio contin\u00faa a la baja con un piso clave en los $720. Si llega a caer por debajo de ese nivel, se podr\u00edan acentuar las ca\u00eddas hacia los $708 en el corto plazo\u201d.<\/p>\n<p>Mientras que Luis Alberto Reyes, analista de Mercados G, indic\u00f3 que \u201cse esperan movimientos bajistas para esta jornada, impulsado por el optimismo en torno al est\u00edmulo fiscal de Estados Unidos. Se ve una resistencia para el d\u00f3lar peso en $728,80 y un soporte en $711,20 para esta jornada\u00bb.<\/p>\n","protected":false},"excerpt":{"rendered":"<p>Analistas no descartan que el billete verde descienda de los $700 en las pr\u00f3ximas jornadas. El d\u00f3lar opera esta ma\u00f1ana profundizando el desplome registrado ayer,&hellip; <\/p>\n","protected":false},"author":2,"featured_media":33029,"comment_status":"open","ping_status":"closed","sticky":false,"template":"","format":"standard","meta":{"footnotes":""},"categories":[37],"tags":[],"class_list":["post-34998","post","type-post","status-publish","format-standard","has-post-thumbnail","hentry","category-nacional"],"_links":{"self":[{"href":"https:\/\/www.radioamigavallenar.cl\/index.php?rest_route=\/wp\/v2\/posts\/34998","targetHints":{"allow":["GET"]}}],"collection":[{"href":"https:\/\/www.radioamigavallenar.cl\/index.php?rest_route=\/wp\/v2\/posts"}],"about":[{"href":"https:\/\/www.radioamigavallenar.cl\/index.php?rest_route=\/wp\/v2\/types\/post"}],"author":[{"embeddable":true,"href":"https:\/\/www.radioamigavallenar.cl\/index.php?rest_route=\/wp\/v2\/users\/2"}],"replies":[{"embeddable":true,"href":"https:\/\/www.radioamigavallenar.cl\/index.php?rest_route=%2Fwp%2Fv2%2Fcomments&post=34998"}],"version-history":[{"count":1,"href":"https:\/\/www.radioamigavallenar.cl\/index.php?rest_route=\/wp\/v2\/posts\/34998\/revisions"}],"predecessor-version":[{"id":34999,"href":"https:\/\/www.radioamigavallenar.cl\/index.php?rest_route=\/wp\/v2\/posts\/34998\/revisions\/34999"}],"wp:featuredmedia":[{"embeddable":true,"href":"https:\/\/www.radioamigavallenar.cl\/index.php?rest_route=\/wp\/v2\/media\/33029"}],"wp:attachment":[{"href":"https:\/\/www.radioamigavallenar.cl\/index.php?rest_route=%2Fwp%2Fv2%2Fmedia&parent=34998"}],"wp:term":[{"taxonomy":"category","embeddable":true,"href":"https:\/\/www.radioamigavallenar.cl\/index.php?rest_route=%2Fwp%2Fv2%2Fcategories&post=34998"},{"taxonomy":"post_tag","embeddable":true,"href":"https:\/\/www.radioamigavallenar.cl\/index.php?rest_route=%2Fwp%2Fv2%2Ftags&post=34998"}],"curies":[{"name":"wp","href":"https:\/\/api.w.org\/{rel}","templated":true}]}}