{"id":34993,"date":"2021-01-21T10:11:10","date_gmt":"2021-01-21T13:11:10","guid":{"rendered":"https:\/\/www.radioamigavallenar.cl\/?p=34993"},"modified":"2021-01-21T10:11:10","modified_gmt":"2021-01-21T13:11:10","slug":"revelan-whatsapp-donde-se-ofrecian-los-pcr-negativos-sin-toma-de-muestra-a-60-mil-en-las-condes","status":"publish","type":"post","link":"https:\/\/www.radioamigavallenar.cl\/?p=34993","title":{"rendered":"Revelan WhatsApp donde se ofrec\u00edan los PCR negativos sin toma de muestra a $60 mil en Las Condes"},"content":{"rendered":"<p>La Seremi de Salud Metropolitana, Paula Labra, anunci\u00f3 una querella contra una empresa de Las Condes que vend\u00eda\u00a0<strong>ex\u00e1menes PCR con resultado negativo<\/strong>.<\/p>\n<p>La situaci\u00f3n qued\u00f3 al descubierto tras una denuncia an\u00f3nima recibida por las autoridades, donde se acus\u00f3 que en la compa\u00f1\u00eda\u00a0<strong>Care Full Home\u00a0<\/strong>se estaban ofreciendo documentos con PCR negativo sin tomar la muestra nasal.<\/p>\n<p>Esto fue confirmado luego de conversaciones de<strong>\u00a0WhatsApp<\/strong>\u00a0donde se ofrec\u00edan el servicio a $60 mil, lo que demoraba una hora.<\/p>\n<p>Por ello, se realiz\u00f3 una fiscalizaci\u00f3n donde se hallaron pruebas de esta denuncia, que consist\u00edan en\u00a0<strong>m\u00e1s conversaciones<\/strong>\u00a0con otros clientes.<\/p>\n<h2 style=\"text-align: center;\">Molestia de las autoridades<\/h2>\n<p>Labra calific\u00f3 el hecho como un atentado contra la salud p\u00fablica y anunci\u00f3\u00a0<strong>querellas y sumarios sanitarios<\/strong>\u00a0tanto como para la empresa como para los compradores.<\/p>\n<p>En tanto, el alcalde de Las Condes, Joaqu\u00edn Lav\u00edn, indic\u00f3 que hay<strong>\u00a0un funcionario de la empresa denunciada que se culpa de lo ocurrido\u00a0<\/strong>y que fue individualizado ya que daba su CuentaRut personal para que all\u00ed se depositara el dinero.<\/p>\n<p>El recinto m\u00e9dico qued\u00f3 con prohibici\u00f3n de funcionamiento.<\/p>\n","protected":false},"excerpt":{"rendered":"<p>La Seremi de Salud Metropolitana, Paula Labra, anunci\u00f3 una querella contra una empresa de Las Condes que vend\u00eda\u00a0ex\u00e1menes PCR con resultado negativo. La situaci\u00f3n qued\u00f3&hellip; <\/p>\n","protected":false},"author":2,"featured_media":0,"comment_status":"open","ping_status":"closed","sticky":false,"template":"","format":"standard","meta":{"footnotes":""},"categories":[37],"tags":[],"class_list":["post-34993","post","type-post","status-publish","format-standard","hentry","category-nacional"],"_links":{"self":[{"href":"https:\/\/www.radioamigavallenar.cl\/index.php?rest_route=\/wp\/v2\/posts\/34993","targetHints":{"allow":["GET"]}}],"collection":[{"href":"https:\/\/www.radioamigavallenar.cl\/index.php?rest_route=\/wp\/v2\/posts"}],"about":[{"href":"https:\/\/www.radioamigavallenar.cl\/index.php?rest_route=\/wp\/v2\/types\/post"}],"author":[{"embeddable":true,"href":"https:\/\/www.radioamigavallenar.cl\/index.php?rest_route=\/wp\/v2\/users\/2"}],"replies":[{"embeddable":true,"href":"https:\/\/www.radioamigavallenar.cl\/index.php?rest_route=%2Fwp%2Fv2%2Fcomments&post=34993"}],"version-history":[{"count":1,"href":"https:\/\/www.radioamigavallenar.cl\/index.php?rest_route=\/wp\/v2\/posts\/34993\/revisions"}],"predecessor-version":[{"id":34995,"href":"https:\/\/www.radioamigavallenar.cl\/index.php?rest_route=\/wp\/v2\/posts\/34993\/revisions\/34995"}],"wp:attachment":[{"href":"https:\/\/www.radioamigavallenar.cl\/index.php?rest_route=%2Fwp%2Fv2%2Fmedia&parent=34993"}],"wp:term":[{"taxonomy":"category","embeddable":true,"href":"https:\/\/www.radioamigavallenar.cl\/index.php?rest_route=%2Fwp%2Fv2%2Fcategories&post=34993"},{"taxonomy":"post_tag","embeddable":true,"href":"https:\/\/www.radioamigavallenar.cl\/index.php?rest_route=%2Fwp%2Fv2%2Ftags&post=34993"}],"curies":[{"name":"wp","href":"https:\/\/api.w.org\/{rel}","templated":true}]}}