{"id":34990,"date":"2021-01-21T10:08:28","date_gmt":"2021-01-21T13:08:28","guid":{"rendered":"https:\/\/www.radioamigavallenar.cl\/?p=34990"},"modified":"2021-01-21T10:08:28","modified_gmt":"2021-01-21T13:08:28","slug":"floricultoras-agricolas-de-vallenar-fortalecen-su-produccion-habilidad-y-asociatividad-con-prodemu","status":"publish","type":"post","link":"https:\/\/www.radioamigavallenar.cl\/?p=34990","title":{"rendered":"Floricultoras agr\u00edcolas de Vallenar fortalecen su producci\u00f3n, habilidad y asociatividad con PRODEMU"},"content":{"rendered":"<p>Se trata de la agrupaci\u00f3n \u00abSisa Sumac\u00bb (denominada as\u00ed en lengua Diaguita) y que en espa\u00f1ol significa: \u00abRinc\u00f3n de las flores\u00bb.<\/p>\n<p>Con el objetivo de constatar en terreno el avance de su proyecto y estrechar lazos para continuar trabajando en equipo, la directora regional de PRODEMU, Johanna Fern\u00e1ndez Rodr\u00edguez, visit\u00f3 a la agrupaci\u00f3n agr\u00edcola de El Jilguero, tercera etapa, en la capital de la provincia de Huasco.<\/p>\n<p>Este grupo de emprendedoras est\u00e1 participando en el programa \u00abMujeres Rurales\u00bb. Una iniciativa de formaci\u00f3n y capacitaci\u00f3n; ejecutado por PRODEMU e INDAP; que promueve el desarrollo personal, social, productivo y econ\u00f3mico de las mujeres rurales mediante una intervenci\u00f3n de tres a\u00f1os, en los cuales se les entregan herramientas y recursos para crear un emprendimiento asociativo, conjuntamente con un trabajo psicosocial, para as\u00ed finalmente mejorar su calidad de vida.<\/p>\n<p>La directora regional de PRODEMU, Johanna Fern\u00e1ndez Rodr\u00edguez, afirm\u00f3 que \u00abnuestra Primera Dama y nuestra directora nacional Paola Diez han sido enf\u00e1ticas y nos han mandatado a no s\u00f3lo entregar recursos a nuestras mujeres, si no, que tambi\u00e9n a involucrarnos en sus proyectos, apoyarlas, escucharlas, acompa\u00f1arlas y constatar en sus hogares o emprendientos, como avanzan sus iniciativas. Estamos orgullosos y orgullosas de ver los avances de esta agrupaci\u00f3n. Ellas siembran pepinos, sand\u00edas y melones, pero su fuerte es la producci\u00f3n de lilium\u00bb.<\/p>\n<p>\u00abYo quiero invitar a toda la comunidad de Atacama a rescatar; y por sobre todo valorar; el sentido de identidad cultural regional que tenemos. Aqu\u00ed en el Jilguero encontrar\u00e1n huevos de colores, deliciosos por cierto, hortalizas de calidad, productos naturales y un ambiente incre\u00edble con todas las medidas sanitarias respectivas. Agradezco la oportunidad, a estas siete mujeres, por recibirnos, por contarnos sus sue\u00f1os y anhelos. Desde ya reafirmamos nuestro compromiso para seguir haciendo de Atacama un territorio m\u00e1s descentralizado, m\u00e1s justo, equitativo e integral\u00bb, agreg\u00f3 Fern\u00e1ndez Rodr\u00edguez.<\/p>\n<p style=\"text-align: center;\">Testimonios de la agrupaci\u00f3n<\/p>\n<p>Por su parte, Sara Gonz\u00e1lez, presidenta de la agrupaci\u00f3n Sisa Sumac, argument\u00f3 que \u00abnosotras somos siete mujeres agricultoras y comenzamos sembrando pepino de ensaladas, luego sand\u00edas y finalmente melones, pero nuestro enfoque principal son las flores. Este a\u00f1o vamos a trabajar en los claveles. Estamos muy agradecidas de PRODEMU e Indap, y de la directora Johanna Fern\u00e1ndez porque confi\u00f3 en nuestro proyecto de lilium\u00bb.<\/p>\n<p>Cristina Vergara, otra mujer empoderada e integrante de dicha agrupaci\u00f3n, dijo que \u00abnosotras somos mujeres rurales y de \u00e9tnia Diaguita, conformadas en una agrupaci\u00f3n llamada Sisa Sumac, que significa \u2018rinc\u00f3n se las flores\u2019. Es nuestro primer a\u00f1o de proyecto trabajando con PRODEMU y efectivamente trabajamos la tierra sembrando pepino, sand\u00eda, melones y plantamos lilium. Hasta el momento hemos cosechado\u00a0 pepinos, producto org\u00e1nico que se ha vendido con \u00e9xito y estamos a la espera de la cosecha de sand\u00eda, mel\u00f3n y lilium, aproximadamente dentro de un mes. Como grupo funcionamos bien, con empat\u00eda y respeto, proyect\u00e1ndonos para que este a\u00f1o la siembra de claveles y lilium sea productiva. Nos pueden ubicar en el sector El Jilguero, tercera etapa. Estamos agradecidas de la directora de PRODEMU, Johanna Fern\u00e1ndez por el apoyo que nos brinda como mujeres agricultoras y madres\u00bb.<\/p>\n<p>Finalmente, Luisa Mu\u00f1oz, otra destacada mujer integrante de la agrupaci\u00f3n, explic\u00f3 que \u00aben estos momento nosotras tenemos el lilium que es el fuerte de nosotras. Tambi\u00e9n tenemos hortalizas, como el mel\u00f3n, sand\u00eda, pepino de ensalada y morrones. En estos momentos estamos cultivando la tierra para preparar el clavel. Ahora vamos a cosechar lo que es el lilimum, porque ya est\u00e1n a punto de florecer. El apoyo de la se\u00f1ora Johanna ha sido fundamental, porque gracias a ella y Prodemu nos hemos logrado conformar como agricultoras\u00bb.<\/p>\n<p>Desde la Fundaci\u00f3n para la Promoci\u00f3n y Desarrollo de la Mujer (PRODEMU), que depende de la Presidencia de la Rep\u00fablica y que es presidida por la Primera Dama Sra. Cecilia Morel Montes, se apoya a trav\u00e9s del programa \u00abMujeres Rurales\u00bb a 16 grupos en la regi\u00f3n de Atacama, distribuidos en las comunas de Copiap\u00f3, Tierra Amarilla, Vallenar, Freirina y Huasco.<\/p>\n<p>Este programa tiene una duraci\u00f3n de tres a\u00f1os y, particularmente, la agrupaci\u00f3n Sisa Sumac ya lleva uno ejecutado. Adem\u00e1s de los recursos econ\u00f3micos que se entregan a cada agrupaci\u00f3n, PRODEMU realiza capacitaciones de empoderamiento personal, desarrollo organizacional y gesti\u00f3n del emprendimiento. En este Marco se destaca la entrega de herramientas, conocimientos y t\u00e9cnicas espec\u00edficas asociadas al rubro particular del proyecto que van o se encuentran desarrollando.<\/p>\n","protected":false},"excerpt":{"rendered":"<p>Se trata de la agrupaci\u00f3n \u00abSisa Sumac\u00bb (denominada as\u00ed en lengua Diaguita) y que en espa\u00f1ol significa: \u00abRinc\u00f3n de las flores\u00bb. Con el objetivo de&hellip; <\/p>\n","protected":false},"author":2,"featured_media":0,"comment_status":"open","ping_status":"closed","sticky":false,"template":"","format":"standard","meta":{"footnotes":""},"categories":[7],"tags":[],"class_list":["post-34990","post","type-post","status-publish","format-standard","hentry","category-atacama"],"_links":{"self":[{"href":"https:\/\/www.radioamigavallenar.cl\/index.php?rest_route=\/wp\/v2\/posts\/34990","targetHints":{"allow":["GET"]}}],"collection":[{"href":"https:\/\/www.radioamigavallenar.cl\/index.php?rest_route=\/wp\/v2\/posts"}],"about":[{"href":"https:\/\/www.radioamigavallenar.cl\/index.php?rest_route=\/wp\/v2\/types\/post"}],"author":[{"embeddable":true,"href":"https:\/\/www.radioamigavallenar.cl\/index.php?rest_route=\/wp\/v2\/users\/2"}],"replies":[{"embeddable":true,"href":"https:\/\/www.radioamigavallenar.cl\/index.php?rest_route=%2Fwp%2Fv2%2Fcomments&post=34990"}],"version-history":[{"count":1,"href":"https:\/\/www.radioamigavallenar.cl\/index.php?rest_route=\/wp\/v2\/posts\/34990\/revisions"}],"predecessor-version":[{"id":34992,"href":"https:\/\/www.radioamigavallenar.cl\/index.php?rest_route=\/wp\/v2\/posts\/34990\/revisions\/34992"}],"wp:attachment":[{"href":"https:\/\/www.radioamigavallenar.cl\/index.php?rest_route=%2Fwp%2Fv2%2Fmedia&parent=34990"}],"wp:term":[{"taxonomy":"category","embeddable":true,"href":"https:\/\/www.radioamigavallenar.cl\/index.php?rest_route=%2Fwp%2Fv2%2Fcategories&post=34990"},{"taxonomy":"post_tag","embeddable":true,"href":"https:\/\/www.radioamigavallenar.cl\/index.php?rest_route=%2Fwp%2Fv2%2Ftags&post=34990"}],"curies":[{"name":"wp","href":"https:\/\/api.w.org\/{rel}","templated":true}]}}