{"id":34987,"date":"2021-01-21T10:07:00","date_gmt":"2021-01-21T13:07:00","guid":{"rendered":"https:\/\/www.radioamigavallenar.cl\/?p=34987"},"modified":"2021-01-21T10:07:00","modified_gmt":"2021-01-21T13:07:00","slug":"corfo-pone-a-disposicion-nuevo-instrumento-para-impulsar-proyectos-en-economia-circular","status":"publish","type":"post","link":"https:\/\/www.radioamigavallenar.cl\/?p=34987","title":{"rendered":"CORFO pone a disposici\u00f3n nuevo instrumento para impulsar proyectos en econom\u00eda circular"},"content":{"rendered":"<p>CORFO abri\u00f3 un nuevo instrumento que tiene como foco impulsar la reactivaci\u00f3n sostenible de las pymes nacionales. Se trata de \u201cDesarrolla Inversi\u00f3n Productiva para Proyectos de Econom\u00eda Circular\u201d, que apoyar\u00e1 iniciativas de peque\u00f1as y medianas empresas que apunten a la elaboraci\u00f3n de nuevos productos a partir de la reutilizaci\u00f3n de residuos y del ecodise\u00f1o.<\/p>\n<p>\u201cEsta es una convocatoria que busca fomentar que nuestras empresas, nuestros empresarios y la industria en general, recicle o reutilice los residuos utilizados en sus procesos productivos. Es una gran iniciativa que apunta a la reactivaci\u00f3n econ\u00f3mica del pa\u00eds, pero de manera sustentable, porque es la direcci\u00f3n correcta para el desarrollo de Chile y sus territorios.\u201d, se\u00f1al\u00f3 la directora regional de Corfo Atacama, Silvia Zuleta.<\/p>\n<p>LA CONVOCATORIA:<\/p>\n<div class=\"code-block code-block-3\"><\/div>\n<p>El llamado est\u00e1 dirigido a aquellas iniciativas que se destaquen por promover la transformaci\u00f3n productiva a partir del desarrollo de nuevos productos creados desde el ecodise\u00f1o; que propicien la elaboraci\u00f3n de diferentes subproductos comercializables; y\/o que instalen procesos productivos sostenibles y eficientes en el uso de sus recursos primarios.<\/p>\n<p>Los proyectos que resulten ganadores recibir\u00e1n un cofinanciamiento de hasta el 50% del costo total del proyecto de inversi\u00f3n, con un tope de hasta $20.000.000. Sin embargo, si el beneficiario es una empresa o una cooperativa de base ind\u00edgena, el cofinanciamiento alcanzar\u00e1 el 60% del costo total del proyecto de inversi\u00f3n. Con estos recursos, las pymes podr\u00e1n invertir en la adquisici\u00f3n de activos fijos, la habilitaci\u00f3n de infraestructura productiva y capital de trabajo.<\/p>\n<p>A la convocatoria pueden postular personas jur\u00eddicas constituidas en Chile o personas naturales, mayores de 18 a\u00f1os, que cuenten con iniciaci\u00f3n de actividades en un giro empresarial de primera categor\u00eda.<\/p>\n<p><a>Para postular y acceder a m\u00e1s informaci\u00f3n de esta convocatoria, visitar\u00a0<\/a><a href=\"http:\/\/www.corfo.cl\/\" target=\"_blank\" rel=\"noreferrer noopener\">www.corfo.cl<\/a>.<\/p>\n","protected":false},"excerpt":{"rendered":"<p>CORFO abri\u00f3 un nuevo instrumento que tiene como foco impulsar la reactivaci\u00f3n sostenible de las pymes nacionales. Se trata de \u201cDesarrolla Inversi\u00f3n Productiva para Proyectos&hellip; <\/p>\n","protected":false},"author":2,"featured_media":0,"comment_status":"open","ping_status":"closed","sticky":false,"template":"","format":"standard","meta":{"footnotes":""},"categories":[38],"tags":[],"class_list":["post-34987","post","type-post","status-publish","format-standard","hentry","category-portada-regional"],"_links":{"self":[{"href":"https:\/\/www.radioamigavallenar.cl\/index.php?rest_route=\/wp\/v2\/posts\/34987","targetHints":{"allow":["GET"]}}],"collection":[{"href":"https:\/\/www.radioamigavallenar.cl\/index.php?rest_route=\/wp\/v2\/posts"}],"about":[{"href":"https:\/\/www.radioamigavallenar.cl\/index.php?rest_route=\/wp\/v2\/types\/post"}],"author":[{"embeddable":true,"href":"https:\/\/www.radioamigavallenar.cl\/index.php?rest_route=\/wp\/v2\/users\/2"}],"replies":[{"embeddable":true,"href":"https:\/\/www.radioamigavallenar.cl\/index.php?rest_route=%2Fwp%2Fv2%2Fcomments&post=34987"}],"version-history":[{"count":1,"href":"https:\/\/www.radioamigavallenar.cl\/index.php?rest_route=\/wp\/v2\/posts\/34987\/revisions"}],"predecessor-version":[{"id":34989,"href":"https:\/\/www.radioamigavallenar.cl\/index.php?rest_route=\/wp\/v2\/posts\/34987\/revisions\/34989"}],"wp:attachment":[{"href":"https:\/\/www.radioamigavallenar.cl\/index.php?rest_route=%2Fwp%2Fv2%2Fmedia&parent=34987"}],"wp:term":[{"taxonomy":"category","embeddable":true,"href":"https:\/\/www.radioamigavallenar.cl\/index.php?rest_route=%2Fwp%2Fv2%2Fcategories&post=34987"},{"taxonomy":"post_tag","embeddable":true,"href":"https:\/\/www.radioamigavallenar.cl\/index.php?rest_route=%2Fwp%2Fv2%2Ftags&post=34987"}],"curies":[{"name":"wp","href":"https:\/\/api.w.org\/{rel}","templated":true}]}}