{"id":34984,"date":"2021-01-21T10:05:27","date_gmt":"2021-01-21T13:05:27","guid":{"rendered":"https:\/\/www.radioamigavallenar.cl\/?p=34984"},"modified":"2021-01-21T10:05:27","modified_gmt":"2021-01-21T13:05:27","slug":"secretario-regional-ministerial-de-agricultura-llega-hasta-cachiyuyo-para-entregar-premios-a-los-ganadores-del-concurso-historias-de-nuestra-tierra","status":"publish","type":"post","link":"https:\/\/www.radioamigavallenar.cl\/?p=34984","title":{"rendered":"Secretario Regional Ministerial de Agricultura llega hasta Cachiyuyo para entregar premios a los ganadores del Concurso \u201cHistorias de Nuestra Tierra\u201d"},"content":{"rendered":"<p><strong>A ra\u00edz de la pandemia actual el Secretario Regional Ministerial de Agricultura, Patricio Araya Vargas lleg\u00f3 hasta el hogar de cada uno de los participantes con tal de entregarles sus diplomas y\/o premios, ya que, no se pudo realizar la tradicional ceremonia de premiaci\u00f3n en que se reconoce a los ganadores del Concurso de Cuentos \u201cHistoria de Nuestra Tierra\u201d.<\/strong><span id=\"more-133247\"><\/span><\/p>\n<p>Historia de Nuestra Tierra es un concurso de cuentos y poes\u00eda organizado por el Ministerio de Agricultura a trav\u00e9s de la Fundaci\u00f3n de Comunicaciones, Capacitaci\u00f3n y Cultura del Agro, FUCOA, que tiene por objetivo mantener vivas las costumbres y tradiciones del mundo rural de nuestro pa\u00eds.<\/p>\n<p>En la \u00faltima versi\u00f3n, realizada durante el 2019, hubo 9 premiados en la regi\u00f3n de Atacama, 3 en la categor\u00eda Historias Campesinas, 3 en la de Poes\u00eda del Mundo Rural, 3 en la de Me lo Cont\u00f3 Mi Abuelito y un premio nacional, \u00a0los que recibieron cheques de 200 mil, 150 mil y 100 mil pesos, c\u00e1maras fot\u00f3graficas, i pad y mochilas, adem\u00e1s de un diploma por su participaci\u00f3n.<\/p>\n<p>Fue as\u00ed como el Secretario Regional Ministerial de Agricultura se traslad\u00f3 hasta sus hogares y ,en un ambiente distendido, se realiz\u00f3 la \u00edntima premiaci\u00f3n de los ganadores.<\/p>\n<p>Tras finalizar la entrega de los premios, la autoridad asegur\u00f3 que \u201cel objetivo de entregarlos en las casas de los concursantes fue que tuvieran la sorpresa de recibir un premio en momentos en que nuestro pa\u00eds vive un momento complejo, a causa de una pandemia que ya ha causado varias muertes. A modo de apoyarlos en esta emergencia sanitaria, les depositamos el valor correspondiente a sus cheques a principios del invierno, por lo que ahora les entregamos sus diplomas, la \u00faltima edici\u00f3n de la antolog\u00eda, en las que se incluyen sus obras y\u00a0 a los m\u00e1s peque\u00f1os, los premios obtenidos.\u201d.<\/p>\n<p style=\"text-align: center;\"><strong>Me lo Cont\u00f3 Mi Abuelito<\/strong><\/p>\n<p>Por primera vez, en las 27 versiones de este concurso, hubo un ganador de la localidad de Cachiyuyo y hasta all\u00e1 lleg\u00f3 el Seremi de Agricultura, para entregar una mochila con novelas, la edici\u00f3n 2021 de \u201cMe Lo Cont\u00f3 Mi Abuelito\u201d en que est\u00e1 incluido su relato y su diploma, correspondiente al tercer lugar en esta categor\u00eda.<\/p>\n<p>Fab\u00edan Guerrero present\u00f3 la historia \u201clos quesos de la familia Portilla\u201d en que relata la historia de su familia materna, que es criancero y desde siempre se han dedicado a la preparaci\u00f3n de quesos.<\/p>\n<p>\u201cNuestra profesora nos motiv\u00f3 a participar, por los premios que hab\u00edan. Me puse feliz cuando mi mam\u00e1 lleg\u00f3 con unos papeles en donde sal\u00eda que yo hab\u00eda salido 3 er lugar regional, me sent\u00ed muy emocionado\u201d se\u00f1al\u00f3 este joven cachiyuyano.<\/p>\n<p style=\"text-align: center;\"><strong>Historias Campesinas<\/strong><\/p>\n<p>El primer lugar en esta categor\u00eda fue H\u00e9ctor \u201cTito\u201d Ocayo, escritor oriundo de Domeyko, quien recibi\u00f3 feliz al Seremi de Agricultura en su hogar.<\/p>\n<p>Ocayo asegur\u00f3 que esta fue la sexta vez que participaba en este certamen, y el pasado 2020 volvi\u00f3 nuevamente a presentar su escrito para ver si este a\u00f1o obtiene un premio nacional, ya que, \u201cla idea siempre de alguien que se dedica a la literatura que le gusta, y sobre todo que ha sido un seguidor ferviente de FUCOA y de este concurso, es llegar a niveles nacionales y en eso trabajamos todos los d\u00edas, de perfeccionarnos, buscar el mejor tema, tratar lo mejor posible, de forma tal de conquistar el alma del jurado para poder llegar a conquistar un premio nacional\u201d.<\/p>\n<p style=\"text-align: center;\"><strong>Poes\u00eda Mundo Rural<\/strong><\/p>\n<p>Mois\u00e9s \u00c1lvarez, quien por muchos a\u00f1os ha obtenido el 1er Lugar a nivel regional en esta categor\u00eda, y, el 2019, obtuvo el premio nacional, por lo que Patricio Araya Vargas viaj\u00f3 hasta la costera comuna de Huasco a entregar el diploma de reconocimiento a este poeta huasquino.<\/p>\n<p>\u00c1lvarez asegur\u00f3 que volvi\u00f3 a participar en la versi\u00f3n del 2020, y que \u201chaber logrado un primer lugar es una gran satisfaccion personal y un premio a la perseverancia en busca de tan anhelado galard\u00f3n, adem\u00e1s de llenar de orgullo a mis familiares, amigos y a mi querida comuna de\u00a0 Huasco y a mi hermosa Regi\u00f3n de Atacama\u201d.<\/p>\n","protected":false},"excerpt":{"rendered":"<p>A ra\u00edz de la pandemia actual el Secretario Regional Ministerial de Agricultura, Patricio Araya Vargas lleg\u00f3 hasta el hogar de cada uno de los participantes&hellip; <\/p>\n","protected":false},"author":2,"featured_media":0,"comment_status":"open","ping_status":"closed","sticky":false,"template":"","format":"standard","meta":{"footnotes":""},"categories":[7],"tags":[],"class_list":["post-34984","post","type-post","status-publish","format-standard","hentry","category-atacama"],"_links":{"self":[{"href":"https:\/\/www.radioamigavallenar.cl\/index.php?rest_route=\/wp\/v2\/posts\/34984","targetHints":{"allow":["GET"]}}],"collection":[{"href":"https:\/\/www.radioamigavallenar.cl\/index.php?rest_route=\/wp\/v2\/posts"}],"about":[{"href":"https:\/\/www.radioamigavallenar.cl\/index.php?rest_route=\/wp\/v2\/types\/post"}],"author":[{"embeddable":true,"href":"https:\/\/www.radioamigavallenar.cl\/index.php?rest_route=\/wp\/v2\/users\/2"}],"replies":[{"embeddable":true,"href":"https:\/\/www.radioamigavallenar.cl\/index.php?rest_route=%2Fwp%2Fv2%2Fcomments&post=34984"}],"version-history":[{"count":1,"href":"https:\/\/www.radioamigavallenar.cl\/index.php?rest_route=\/wp\/v2\/posts\/34984\/revisions"}],"predecessor-version":[{"id":34986,"href":"https:\/\/www.radioamigavallenar.cl\/index.php?rest_route=\/wp\/v2\/posts\/34984\/revisions\/34986"}],"wp:attachment":[{"href":"https:\/\/www.radioamigavallenar.cl\/index.php?rest_route=%2Fwp%2Fv2%2Fmedia&parent=34984"}],"wp:term":[{"taxonomy":"category","embeddable":true,"href":"https:\/\/www.radioamigavallenar.cl\/index.php?rest_route=%2Fwp%2Fv2%2Fcategories&post=34984"},{"taxonomy":"post_tag","embeddable":true,"href":"https:\/\/www.radioamigavallenar.cl\/index.php?rest_route=%2Fwp%2Fv2%2Ftags&post=34984"}],"curies":[{"name":"wp","href":"https:\/\/api.w.org\/{rel}","templated":true}]}}