{"id":34981,"date":"2021-01-21T10:03:08","date_gmt":"2021-01-21T13:03:08","guid":{"rendered":"https:\/\/www.radioamigavallenar.cl\/?p=34981"},"modified":"2021-01-21T10:03:08","modified_gmt":"2021-01-21T13:03:08","slug":"ministra-schmidt-informa-el-inicio-de-la-ley-de-reciclaje-en-chile-con-ambiciosas-metas-para-los-neumaticos","status":"publish","type":"post","link":"https:\/\/www.radioamigavallenar.cl\/?p=34981","title":{"rendered":"Ministra Schmidt informa el inicio de la ley de reciclaje en Chile con ambiciosas metas para los neum\u00e1ticos"},"content":{"rendered":"<ul>\n<li><strong>La titular de Medio Ambiente detall\u00f3 que las empresas que importan estos productos deber\u00e1n valorizar el 90% de los neum\u00e1ticos m\u00e1s comunes y el 100% de los utilizados por la miner\u00eda. Actualmente s\u00f3lo se reciclan el 17% de estos elementos, mientras que parte del porcentaje restante termina en vertederos ilegales.<\/strong><\/li>\n<\/ul>\n<div>\n<p>Con el objetivo de que las empresas se hagan cargo de sus residuos, la ministra del Medio Ambiente, Carolina Schmidt, detall\u00f3 las metas de recolecci\u00f3n y valorizaci\u00f3n de neum\u00e1ticos que ser\u00e1n de cumplimiento obligatorio para los importadores de estos elementos al pa\u00eds, luego que se publicara el primer decreto de la ley de Responsabilidad Extendida del Productor (REP), dando inicio oficial a la ley de reciclaje en Chile.<\/p>\n<p>La ministra Schmidt coment\u00f3 que estas exigencias, publicadas hoy en el Diario Oficial, \u201cmarcan un hito para el desarrollo sustentable del pa\u00eds porque es el primer decreto de la ley de Responsabilidad Extendida del Productor (REP) que entra en vigencia, estableciendo exigentes metas de recolecci\u00f3n y reciclaje de neum\u00e1ticos, lo que permitir\u00e1 aprovechar los materiales para crear nuevos productos, disminuir la generaci\u00f3n de basura y mejorar la calidad de vida de las personas\u201d.<\/p>\n<p>A\u00f1adi\u00f3 que \u201clos neum\u00e1ticos son de los agentes m\u00e1s contaminantes que tenemos en nuestro pa\u00eds y, por eso, fue necesario introducir obligaciones a los productores para que se hagan cargo de ellos una vez que termine su vida \u00fatil. En Chile se venden, anualmente, alrededor de 6,6 millones de neum\u00e1ticos, gener\u00e1ndose unas 140 mil toneladas de residuos, los que equivalen a un cerro Santa Luc\u00eda\u201d.<\/p>\n<p>El decreto establece la obligaci\u00f3n de que estas empresas \u2013agrupadas en un sistema de gesti\u00f3n- organicen y financien la recolecci\u00f3n de los neum\u00e1ticos fuera de uso en todo el territorio nacional, as\u00ed como su almacenamiento, transporte y tratamiento en conformidad con la normativa vigente.<\/p>\n<p>Para fijar las metas se establecieron dos clases de neum\u00e1ticos. Por un lado, los m\u00e1s comunes, denominados categor\u00eda A, y que incluyen a los neum\u00e1ticos que tengan un aro inferior a 57 pulgadas, con excepci\u00f3n los que tengan un aro igual a 45 pulgadas, a 49 pulgadas y a 51 pulgadas.<\/p>\n<p>Para la categor\u00eda A se estableci\u00f3 la obligaci\u00f3n, durante el primer a\u00f1o, de recolectar el 50% de los neum\u00e1ticos ingresados a Chile y valorizar un 25%. Esta meta ir\u00e1 aumentando gradualmente hasta llegar, en el octavo a\u00f1o de aplicaci\u00f3n, al 90%, tanto de recolecci\u00f3n como valorizaci\u00f3n. Adem\u00e1s, y para asegurar que todas las zonas del pa\u00eds se vean beneficiadas por la regulaci\u00f3n, se establecen porcentajes m\u00ednimos de recolecci\u00f3n de neum\u00e1ticos por regiones, en relaci\u00f3n a su parque automotriz.<\/p>\n<p>A su vez, para la categor\u00eda B, que corresponde a los neum\u00e1ticos mineros (aro igual a 45 pulgadas, a 49 pulgadas, a 51 pulgadas y aros iguales o mayores a 57 pulgadas), se reglament\u00f3 que, durante el primer a\u00f1o de aplicaci\u00f3n de las metas, tengan que recolectar y valorizar un 25% del total de neum\u00e1ticos hasta llegar al 100% al octavo ejercicio de vigencia de las metas.<\/p>\n<p>\u201cActualmente la tasa de aprovechamiento de neum\u00e1ticos usados llega al 17% y, del resto, una parte importante termina botado en cualquier parte, contaminando nuestro entorno y afectando la calidad de vida de las personas. Este decreto obligar\u00e1 a valorizar el 90% de los neum\u00e1ticos categor\u00eda A que ingresen al pa\u00eds, los m\u00e1s comunes, y el 100% de los categor\u00eda B, que corresponden a los utilizados en la industria minera\u201d, enfatiz\u00f3 la ministra Schmidt.<\/p>\n<p>El decreto estableci\u00f3 un plazo para las empresas de 24 meses para comenzar a cumplir las metas, por lo que el denominado a\u00f1o 1 ser\u00e1 el 2023, mientras que el 2030 se alcanzar\u00e1 el m\u00e1ximo establecido por la regulaci\u00f3n. Las empresas que no cumplan, arriesgan fuertes multas por parte de la Superintendencia del Medio Ambiente (SMA).<\/p>\n<p>La ministra Schmidt cerr\u00f3 se\u00f1alando que \u201ccomo gobierno continuamos con el trabajo en los otros decretos establecidos por la ley REP y una profunda agenda que busca transformarnos en un Chile circular sin basura, que nos permite transitar desde la econom\u00eda lineal, generadora de grandes cantidades de basura, a una circular en la que los materiales se aprovechan, impulsando el desarrollo sustentable, inclusivo y resiliente al clima. Los otros productos prioritarios establecidos por la REP que son los Envases y Embalajes; Aceites Lubricantes; Aparatos El\u00e9ctricos y Electr\u00f3nicos; Pilas; y Bater\u00edas\u201d.<\/p>\n<\/div>\n","protected":false},"excerpt":{"rendered":"<p>La titular de Medio Ambiente detall\u00f3 que las empresas que importan estos productos deber\u00e1n valorizar el 90% de los neum\u00e1ticos m\u00e1s comunes y el 100%&hellip; <\/p>\n","protected":false},"author":2,"featured_media":0,"comment_status":"open","ping_status":"closed","sticky":false,"template":"","format":"standard","meta":{"footnotes":""},"categories":[37],"tags":[],"class_list":["post-34981","post","type-post","status-publish","format-standard","hentry","category-nacional"],"_links":{"self":[{"href":"https:\/\/www.radioamigavallenar.cl\/index.php?rest_route=\/wp\/v2\/posts\/34981","targetHints":{"allow":["GET"]}}],"collection":[{"href":"https:\/\/www.radioamigavallenar.cl\/index.php?rest_route=\/wp\/v2\/posts"}],"about":[{"href":"https:\/\/www.radioamigavallenar.cl\/index.php?rest_route=\/wp\/v2\/types\/post"}],"author":[{"embeddable":true,"href":"https:\/\/www.radioamigavallenar.cl\/index.php?rest_route=\/wp\/v2\/users\/2"}],"replies":[{"embeddable":true,"href":"https:\/\/www.radioamigavallenar.cl\/index.php?rest_route=%2Fwp%2Fv2%2Fcomments&post=34981"}],"version-history":[{"count":1,"href":"https:\/\/www.radioamigavallenar.cl\/index.php?rest_route=\/wp\/v2\/posts\/34981\/revisions"}],"predecessor-version":[{"id":34983,"href":"https:\/\/www.radioamigavallenar.cl\/index.php?rest_route=\/wp\/v2\/posts\/34981\/revisions\/34983"}],"wp:attachment":[{"href":"https:\/\/www.radioamigavallenar.cl\/index.php?rest_route=%2Fwp%2Fv2%2Fmedia&parent=34981"}],"wp:term":[{"taxonomy":"category","embeddable":true,"href":"https:\/\/www.radioamigavallenar.cl\/index.php?rest_route=%2Fwp%2Fv2%2Fcategories&post=34981"},{"taxonomy":"post_tag","embeddable":true,"href":"https:\/\/www.radioamigavallenar.cl\/index.php?rest_route=%2Fwp%2Fv2%2Ftags&post=34981"}],"curies":[{"name":"wp","href":"https:\/\/api.w.org\/{rel}","templated":true}]}}