{"id":34978,"date":"2021-01-21T10:02:14","date_gmt":"2021-01-21T13:02:14","guid":{"rendered":"https:\/\/www.radioamigavallenar.cl\/?p=34978"},"modified":"2021-01-21T10:02:14","modified_gmt":"2021-01-21T13:02:14","slug":"camion-de-salud-de-los-heroes-recorrera-la-region-de-atacama-para-entregar-atencion-preventiva-gratuita","status":"publish","type":"post","link":"https:\/\/www.radioamigavallenar.cl\/?p=34978","title":{"rendered":"Cami\u00f3n de salud de Los H\u00e9roes recorrer\u00e1 la Regi\u00f3n de Atacama para entregar atenci\u00f3n preventiva gratuita"},"content":{"rendered":"<p><strong>Con tres boxes cl\u00ednicos y tres integrantes del personal m\u00e9dico, el veh\u00edculo recorrer\u00e1 tres localidades de la III regi\u00f3n entre el 18 y 26 de enero.<\/strong><\/p>\n<p>Con el objetivo de entregar beneficios de salud y atenci\u00f3n preventiva gratuita a todos los afiliados de Caja de Compensaci\u00f3n Los H\u00e9roes, un cami\u00f3n de salud recorrer\u00e1\u00a0<strong>Vallenar, Copiap\u00f3 y Caldera<\/strong>, en la regi\u00f3n de Atacama, entre el lunes 18 y martes 26 de enero.<\/p>\n<p>El cami\u00f3n realizar\u00e1 su recorrido partiendo por\u00a0<strong>Vallenar entre el lunes 18 y martes 19 de enero<\/strong>, donde se ubicar\u00e1 en la\u00a0<strong>Plaza de Armas<\/strong>, ofreciendo atenci\u00f3n m\u00f3vil de salud entre las\u00a0<strong>10 a 14 horas y 15 a 17 horas.<\/strong>\u00a0Luego, el veh\u00edculo llegar\u00e1 a\u00a0<strong>Copiap\u00f3, donde permanecer\u00e1 los d\u00edas jueves 21, viernes 22 y s\u00e1bado 23 de enero.<\/strong>\u00a0El cami\u00f3n finalmente terminar\u00e1 su recorrido por la regi\u00f3n de Atacama en\u00a0<strong>Caldera, donde se ubicar\u00e1 los d\u00edas lunes 25 y martes 26 del mismo mes.<\/strong><\/p>\n<p>Se trata de un veh\u00edculo \u00fanico que incluye dos boxes de atenci\u00f3n m\u00e1s un box carpa, con los que se ofrecer\u00e1 tres tipos de atenciones de salud; la medici\u00f3n del peso, talla, IMC y diagn\u00f3stico nutricional; evaluaci\u00f3n y receta \u00f3ptica; y mediciones preventivas relacionadas con la presi\u00f3n y la glicemia.<\/p>\n<p>Para poder llevar adelante las atenciones m\u00e9dicas, el cami\u00f3n de salud contar\u00e1 con especialistas en enfermer\u00eda, nutrici\u00f3n y t\u00e9cnico oftalm\u00f3logo. Adem\u00e1s, se tomar\u00e1n todas las medidas de seguridad recomendadas por las autoridades bajo el contexto sanitario que vive el pa\u00eds.<\/p>\n<p>En esta l\u00ednea, la gerenta de Clientes, Productos y Beneficios de Caja de Compensaci\u00f3n Los H\u00e9roes, Valeska Barrera, se\u00f1al\u00f3 que \u201cquisimos llevar adelante esta iniciativa con la idea de poder facilitar el acceso a los servicios y beneficios de salud de manera gratuita a la mayor cantidad de afiliados posible. Sabemos la importancia de que la poblaci\u00f3n se sienta segura y no deje de realizarse sus controles de medicina preventiva, especialmente en tiempos de pandemia, por lo que este cami\u00f3n busca justamente acercar este servicio a todos quienes forman parte de Los H\u00e9roes\u201d.<\/p>\n<p>El cami\u00f3n de salud llegar\u00e1 hasta la regi\u00f3n de Atacama tras haber recorrido nueve regiones a lo largo del pa\u00eds, atendiendo a cerca de 6000 personas. En cada localidad, el veh\u00edculo se ubica en una zona cercana a sucursal de la Caja Los H\u00e9roes. Para acceder a este servicio, los afiliados deber\u00e1n inscribirse en la sucursal de manera presencial o telef\u00f3nica.<\/p>\n<p>&nbsp;<\/p>\n<table width=\"604\">\n<tbody>\n<tr>\n<td width=\"294\"><strong>Localidad<\/strong><\/td>\n<td width=\"310\"><strong>Fecha<\/strong><\/td>\n<\/tr>\n<tr>\n<td width=\"294\">Vallenar<\/td>\n<td width=\"310\">Lunes 18 y martes 19 de enero<\/td>\n<\/tr>\n<tr>\n<td width=\"294\">Copiap\u00f3<\/td>\n<td width=\"310\">Jueves 21, viernes 22 y s\u00e1bado 23 de enero<\/td>\n<\/tr>\n<tr>\n<td width=\"294\">Caldera<\/td>\n<td width=\"310\">Lunes 25 y martes 26 de enero<\/td>\n<\/tr>\n<\/tbody>\n<\/table>\n","protected":false},"excerpt":{"rendered":"<p>Con tres boxes cl\u00ednicos y tres integrantes del personal m\u00e9dico, el veh\u00edculo recorrer\u00e1 tres localidades de la III regi\u00f3n entre el 18 y 26 de&hellip; <\/p>\n","protected":false},"author":2,"featured_media":0,"comment_status":"open","ping_status":"closed","sticky":false,"template":"","format":"standard","meta":{"footnotes":""},"categories":[7],"tags":[],"class_list":["post-34978","post","type-post","status-publish","format-standard","hentry","category-atacama"],"_links":{"self":[{"href":"https:\/\/www.radioamigavallenar.cl\/index.php?rest_route=\/wp\/v2\/posts\/34978","targetHints":{"allow":["GET"]}}],"collection":[{"href":"https:\/\/www.radioamigavallenar.cl\/index.php?rest_route=\/wp\/v2\/posts"}],"about":[{"href":"https:\/\/www.radioamigavallenar.cl\/index.php?rest_route=\/wp\/v2\/types\/post"}],"author":[{"embeddable":true,"href":"https:\/\/www.radioamigavallenar.cl\/index.php?rest_route=\/wp\/v2\/users\/2"}],"replies":[{"embeddable":true,"href":"https:\/\/www.radioamigavallenar.cl\/index.php?rest_route=%2Fwp%2Fv2%2Fcomments&post=34978"}],"version-history":[{"count":1,"href":"https:\/\/www.radioamigavallenar.cl\/index.php?rest_route=\/wp\/v2\/posts\/34978\/revisions"}],"predecessor-version":[{"id":34980,"href":"https:\/\/www.radioamigavallenar.cl\/index.php?rest_route=\/wp\/v2\/posts\/34978\/revisions\/34980"}],"wp:attachment":[{"href":"https:\/\/www.radioamigavallenar.cl\/index.php?rest_route=%2Fwp%2Fv2%2Fmedia&parent=34978"}],"wp:term":[{"taxonomy":"category","embeddable":true,"href":"https:\/\/www.radioamigavallenar.cl\/index.php?rest_route=%2Fwp%2Fv2%2Fcategories&post=34978"},{"taxonomy":"post_tag","embeddable":true,"href":"https:\/\/www.radioamigavallenar.cl\/index.php?rest_route=%2Fwp%2Fv2%2Ftags&post=34978"}],"curies":[{"name":"wp","href":"https:\/\/api.w.org\/{rel}","templated":true}]}}