{"id":34975,"date":"2021-01-21T10:00:36","date_gmt":"2021-01-21T13:00:36","guid":{"rendered":"https:\/\/www.radioamigavallenar.cl\/?p=34975"},"modified":"2021-01-21T10:00:36","modified_gmt":"2021-01-21T13:00:36","slug":"proteccion-de-ninos-ninas-y-adolescentes-en-el-contexto-de-viajes-y-turismo","status":"publish","type":"post","link":"https:\/\/www.radioamigavallenar.cl\/?p=34975","title":{"rendered":"Protecci\u00f3n de Ni\u00f1os, Ni\u00f1as y Adolescentes en el Contexto de Viajes y Turismo"},"content":{"rendered":"<p>Con la realizaci\u00f3n del seminario\u00a0<strong>ESCNNA- Prevenci\u00f3n de la Explotaci\u00f3n Sexual Comercial de Ni\u00f1os, Ni\u00f1as y Adolescentes en el Contexto de Viajes y Turismo, Regi\u00f3n de Atacama\u00a0<\/strong>se cerraron las actividades\u00a0del Programa de Conciencia Tur\u00edstica\u00a02020 de\u00a0Sernatur Atacama.<\/p>\n<p>Uno de los objetivos del Programa de Conciencia Tur\u00edstica es la difusi\u00f3n de la prevenci\u00f3n del ESCNNA en el sector privado y el presente Seminario permiti\u00f3 entregar informaci\u00f3n actualizada y un conjunto de buenas pr\u00e1cticas de prevenci\u00f3n\u00a0de este tipo de conductas en el mercado tur\u00edstico local.<\/p>\n<p>Las ponencias presentadas fueron\u00a0<strong>C\u00d3DIGO DE CONDUCTA: UNA HERRAMIENTA DE PREVENCI\u00d3N PARA COMBATIR EL ESCNNA EN ATACAMA<\/strong>\u00a0impartida por la\u00a0<strong>Sra. Ver\u00f3nica Aguilar<\/strong>, Encargada Unidad de Desarrollo Local de La Sub Direcci\u00f3n de Desarrollo de Nacional de\u00a0<strong>SERNATUR<\/strong>\u00a0y\u00a0<strong>BUENAS PR\u00c1CTICAS INTERNACIONALES DE PREVENCI\u00d3N DEL ESCNNA PARA<\/strong>\u00a0<strong>CHILE\u00a0<\/strong>impartida por la\u00a0<strong>Sra. Susana Cafaro<\/strong>, Licenciada de la Secretar\u00eda de Promoci\u00f3n Tur\u00edstica en el Ministerio de Turismo y Deportes, Coordinadora del C\u00f3digo de Conducta de la OMT en la Rep\u00fablica Argentina.<\/p>\n<p>Al respecto, el Director de Sernatur manifest\u00f3:\u00a0<strong>\u00abAgradecemos a ambas panelistas por presentarnos estas buenas pr\u00e1cticas de acci\u00f3n para el sector turismo de Atacama frente a un tema que es bien complejo y que hay que enfrentarlo con capacitaci\u00f3n y decisi\u00f3n; por ello invitamos a todos los prestadores de servicios de Atacama a sumarse al C\u00f3digo de Conducta para prevenir el ESCNNA-VT, visitando el sitio\u00a0\u00a0\u00a0<a href=\"https:\/\/www.sernatur.cl\/escnna\/\">https:\/\/www.sernatur.cl\/escnna\/<\/a>\u00a0y firmando la carta de adhesi\u00f3n\u00bb.<\/strong><\/p>\n<p>La audiencia estuvo compuesta por representantes de prestadores de servicios tur\u00edsticos, representantes de gremios y funcionarios municipales afines al turismo de la regi\u00f3n.<\/p>\n","protected":false},"excerpt":{"rendered":"<p>Con la realizaci\u00f3n del seminario\u00a0ESCNNA- Prevenci\u00f3n de la Explotaci\u00f3n Sexual Comercial de Ni\u00f1os, Ni\u00f1as y Adolescentes en el Contexto de Viajes y Turismo, Regi\u00f3n de&hellip; <\/p>\n","protected":false},"author":2,"featured_media":0,"comment_status":"open","ping_status":"closed","sticky":false,"template":"","format":"standard","meta":{"footnotes":""},"categories":[7],"tags":[],"class_list":["post-34975","post","type-post","status-publish","format-standard","hentry","category-atacama"],"_links":{"self":[{"href":"https:\/\/www.radioamigavallenar.cl\/index.php?rest_route=\/wp\/v2\/posts\/34975","targetHints":{"allow":["GET"]}}],"collection":[{"href":"https:\/\/www.radioamigavallenar.cl\/index.php?rest_route=\/wp\/v2\/posts"}],"about":[{"href":"https:\/\/www.radioamigavallenar.cl\/index.php?rest_route=\/wp\/v2\/types\/post"}],"author":[{"embeddable":true,"href":"https:\/\/www.radioamigavallenar.cl\/index.php?rest_route=\/wp\/v2\/users\/2"}],"replies":[{"embeddable":true,"href":"https:\/\/www.radioamigavallenar.cl\/index.php?rest_route=%2Fwp%2Fv2%2Fcomments&post=34975"}],"version-history":[{"count":1,"href":"https:\/\/www.radioamigavallenar.cl\/index.php?rest_route=\/wp\/v2\/posts\/34975\/revisions"}],"predecessor-version":[{"id":34977,"href":"https:\/\/www.radioamigavallenar.cl\/index.php?rest_route=\/wp\/v2\/posts\/34975\/revisions\/34977"}],"wp:attachment":[{"href":"https:\/\/www.radioamigavallenar.cl\/index.php?rest_route=%2Fwp%2Fv2%2Fmedia&parent=34975"}],"wp:term":[{"taxonomy":"category","embeddable":true,"href":"https:\/\/www.radioamigavallenar.cl\/index.php?rest_route=%2Fwp%2Fv2%2Fcategories&post=34975"},{"taxonomy":"post_tag","embeddable":true,"href":"https:\/\/www.radioamigavallenar.cl\/index.php?rest_route=%2Fwp%2Fv2%2Ftags&post=34975"}],"curies":[{"name":"wp","href":"https:\/\/api.w.org\/{rel}","templated":true}]}}