{"id":34972,"date":"2021-01-21T06:00:17","date_gmt":"2021-01-21T09:00:17","guid":{"rendered":"https:\/\/www.radioamigavallenar.cl\/?p=34972"},"modified":"2021-01-20T20:47:17","modified_gmt":"2021-01-20T23:47:17","slug":"buenas-noticias-para-freirina-proyectan-mas-de-280-casas-en-tres-conjuntos-habitacionales","status":"publish","type":"post","link":"https:\/\/www.radioamigavallenar.cl\/?p=34972","title":{"rendered":"Buenas noticias para Freirina proyectan m\u00e1s de 280 casas en tres conjuntos habitacionales"},"content":{"rendered":"<p>En el marco del Concejo Municipal, Director del Serviu y Seremi de la Vivienda analizaron proyectos habitacionales para este este a\u00f1o y parte del 2022.<\/p>\n<p>En el marco de un nuevo concejo municipal y con la presencia del Seremi de la Vivienda y Urbanismo de Atacama Pedro Rios Weld y del Director del Serviu en la regi\u00f3n Rodrigo Maturana Fuentes, la Oficina de la Vivienda de Freirina present\u00f3 los proyectos habitacionales que se pueden concretar este a\u00f1o, junto con la proyecci\u00f3n de m\u00e1s viviendas para el 2022.<\/p>\n<p>Se trata del conjunto habitacional llamado: \u201c114 sue\u00f1os\u201d, emplazado en el sector de Vicu\u00f1a Mackenna Alto poniente, conjunto que permitir\u00e1 que 114 familias puedan concretar el sue\u00f1o de la casa propia.<\/p>\n<p>En el encuentro las autoridades regionales lograron observar detalles de una segunda etapa en Maitencillo, en esa localidad se contempla la construcci\u00f3n de 74 viviendas, gracias al trabajo de la Entidad Patrocinante y el esfuerzo de las familias que forman el Comit\u00e9 Habitacional \u201cLa llave so\u00f1ada\u201d.<\/p>\n<p>Al respecto el Alcalde Cesar Orellana destac\u00f3 el trabajo que se viene desarrollando junto a los profesionales de la Oficina de la Vivienda, quienes asesoran a las familias como entidad patrocinante, dise\u00f1an y confeccionan los documentos t\u00e9cnicos que exige la normativa. \u201cEfectivamente hoy en el Concejo Municipal nos visit\u00f3 el Seremi de la Vivienda y el Director del Serviu, a quienes se les present\u00f3 los proyectos habitacionales m\u00e1s cercanos que tenemos en carpeta, por eso la Oficina de la Vivienda expuso los proyectos a corto, mediano y largo plazo en materia habitacional\u201d, coment\u00f3.<\/p>\n<p>Cabe destacar que con recursos municipales, sometidos y aprobados con acuerdo del Concejo Comunal, se cancela los estudios y dise\u00f1os propios de un proyecto habitacional, \u201cuna considerable asignaci\u00f3n de recursos que nos permiten concretar finalmente proyectos en beneficio de nuestros vecinos\u201d dijo el Alcalde.<\/p>\n<p>Dentro de las proyecciones se contempla un loteo de 94 viviendas m\u00e1s en el sector de Vicu\u00f1a, como as\u00ed tambi\u00e9n otro n\u00famero importante de viviendas en el sector de Altiplano Sur, lo que convierte a Freirina en la comuna con m\u00e1s proyectos habitacionales en toda la regi\u00f3n de Atacama.<\/p>\n","protected":false},"excerpt":{"rendered":"<p>En el marco del Concejo Municipal, Director del Serviu y Seremi de la Vivienda analizaron proyectos habitacionales para este este a\u00f1o y parte del 2022.&hellip; <\/p>\n","protected":false},"author":2,"featured_media":0,"comment_status":"open","ping_status":"closed","sticky":false,"template":"","format":"standard","meta":{"footnotes":""},"categories":[7],"tags":[],"class_list":["post-34972","post","type-post","status-publish","format-standard","hentry","category-atacama"],"_links":{"self":[{"href":"https:\/\/www.radioamigavallenar.cl\/index.php?rest_route=\/wp\/v2\/posts\/34972","targetHints":{"allow":["GET"]}}],"collection":[{"href":"https:\/\/www.radioamigavallenar.cl\/index.php?rest_route=\/wp\/v2\/posts"}],"about":[{"href":"https:\/\/www.radioamigavallenar.cl\/index.php?rest_route=\/wp\/v2\/types\/post"}],"author":[{"embeddable":true,"href":"https:\/\/www.radioamigavallenar.cl\/index.php?rest_route=\/wp\/v2\/users\/2"}],"replies":[{"embeddable":true,"href":"https:\/\/www.radioamigavallenar.cl\/index.php?rest_route=%2Fwp%2Fv2%2Fcomments&post=34972"}],"version-history":[{"count":1,"href":"https:\/\/www.radioamigavallenar.cl\/index.php?rest_route=\/wp\/v2\/posts\/34972\/revisions"}],"predecessor-version":[{"id":34974,"href":"https:\/\/www.radioamigavallenar.cl\/index.php?rest_route=\/wp\/v2\/posts\/34972\/revisions\/34974"}],"wp:attachment":[{"href":"https:\/\/www.radioamigavallenar.cl\/index.php?rest_route=%2Fwp%2Fv2%2Fmedia&parent=34972"}],"wp:term":[{"taxonomy":"category","embeddable":true,"href":"https:\/\/www.radioamigavallenar.cl\/index.php?rest_route=%2Fwp%2Fv2%2Fcategories&post=34972"},{"taxonomy":"post_tag","embeddable":true,"href":"https:\/\/www.radioamigavallenar.cl\/index.php?rest_route=%2Fwp%2Fv2%2Ftags&post=34972"}],"curies":[{"name":"wp","href":"https:\/\/api.w.org\/{rel}","templated":true}]}}