{"id":34969,"date":"2021-01-21T06:00:28","date_gmt":"2021-01-21T09:00:28","guid":{"rendered":"https:\/\/www.radioamigavallenar.cl\/?p=34969"},"modified":"2021-01-20T20:45:11","modified_gmt":"2021-01-20T23:45:11","slug":"mineduc-entrega-13-mil-millones-de-pesos-para-mejorar-los-espacios-fisicos-de-los-colegios-publicos-y-asi-adaptarse-a-los-protocolos-sanitarios","status":"publish","type":"post","link":"https:\/\/www.radioamigavallenar.cl\/?p=34969","title":{"rendered":"Mineduc entrega 13 mil millones de pesos para mejorar los espacios f\u00edsicos de los colegios p\u00fablicos y as\u00ed adaptarse a los protocolos sanitarios"},"content":{"rendered":"<ul>\n<li><strong>La iniciativa financiada por la Direcci\u00f3n de Educaci\u00f3n P\u00fablica (DEP) busca apoyar proyectos de fumigaci\u00f3n, lavamanos port\u00e1tiles y adquisici\u00f3n de equipamiento de establecimientos educacionales en 179 comunas del pa\u00eds.<\/strong><\/li>\n<\/ul>\n<p>Recursos por 13 mil millones de pesos entragar\u00e1 el Mineduc a trav\u00e9s del plan \u201cYo conf\u00edo en mi escuela\u201d a los establecimientos educacionales p\u00fablicos del pa\u00eds, para mejorar los espacios f\u00edsicos de los colegios y adecuarlos para el retorno a clases, siguiendo los requerimientos de la autoridad sanitaria<strong><em>.<\/em><\/strong><\/p>\n<p>La inciativa financiada por\u00a0<strong><em>Direcci\u00f3n de Educaci\u00f3n P\u00fablica (DEP),\u00a0<\/em><\/strong>consideraba inicialmente un presupuesto 6 mil milones de pesos, monto que aument\u00f3 a m\u00e1s del doble para financiar la totalidad de proyectos elegibles postulados, beneficiando con ello a 179 comunas del pa\u00eds. El plan \u201cYo conf\u00edo en mi Escuela\u201d financiar\u00e1 un total de 389 proyectos, los que var\u00edan desde 5 hasta 69 proyectos por regi\u00f3n.<\/p>\n<p><strong><em>\u201c<\/em><\/strong><strong><em>A trav\u00e9s de este fondo buscamos entregar un apoyo extraordinario a las escuelas para que puedan mejorar su infraestructura y los espacios de acuerdo a los protocolos sanitarios\u201d<\/em><\/strong><strong><em>, indic\u00f3 el ministro de Educaci\u00f3n, Ra\u00fal Figueroa.<\/em><\/strong><\/p>\n<p>Para postular a este fondo los sostenedores presentaron proyectos de conservaci\u00f3n que permitieran generar espacios dentro del establecimiento con las medidas necesarias para asegurar el retorno seguro a las clases suspendidas por la pandemia.<\/p>\n<p>La directora de Educaci\u00f3n P\u00fablica, Alejandra Grebe, valor\u00f3 la medida.\u00a0<strong><em>\u201cQueremos que las comunidades educativas conf\u00eden en sus escuelas, pues estamos generando todas las medidas necesarias para brindarles espacios seguros y con las medidas sanitarias correspondientes para recibir nuevamente a nuestros estudiantes, docentes y asistentes de la educaci\u00f3n<\/em><\/strong>\u201d, afirm\u00f3 Grebe.<\/p>\n<p>Dentro de las medidas que los establecimientos podr\u00e1n implementar con este financiamiento se encuentran: la fumigaci\u00f3n de espacios, instalaci\u00f3n de se\u00f1al\u00e9ticas y biombos, reparaciones de servicios sanitarios, integraci\u00f3n de lavamanos port\u00e1tiles entre otros.<\/p>\n<p>En el Centro Educacional de la Pintana, la alcaldesa de la comuna, Claudia Pizarro, destac\u00f3 los tres colegios de su comuna que se adjudicaron el plan, sumando un total de $150 millones y aproximadamente $50 millones de pesos cada uno de estos estableciemientos y se\u00f1al\u00f3 que\u00a0<strong><em>\u201cp<\/em><\/strong><strong><em>ara nosotros ha sido un esfuerzo tremendo, una novedad, y nos estamos preparando para el d\u00eda de ma\u00f1ana poder volver a clases, sabiendo que en nuestra comuna ha sido muy dif\u00edcil y que el retraso ha sido enorme porque el 13% de los hogares en la comuna de La Pintana tiene internet fijo\u201d.<\/em><\/strong><\/p>\n<p>Los sostenedores postularon a trav\u00e9s de\u00a0<a href=\"https:\/\/nam02.safelinks.protection.outlook.com\/?url=http%3A%2F%2Fwww.inframineducenlinea.cl%2F&amp;data=04%7C01%7Cmarcela.toro%40mineduc.cl%7C27b144c678744f7e575508d8bbccd3d5%7C2e4cfe500580414093874ecde39def60%7C1%7C0%7C637465835728362965%7CUnknown%7CTWFpbGZsb3d8eyJWIjoiMC4wLjAwMDAiLCJQIjoiV2luMzIiLCJBTiI6Ik1haWwiLCJXVCI6Mn0%3D%7C1000&amp;sdata=HKenTSMJ1lis0Q%2BvUwBoJuaOChFvFGhCB2n1VSOUZ%2BI%3D&amp;reserved=0\">http:\/\/www.inframineducenlinea.cl\/<\/a>\u00a0y los montos financiados fueron determinados de acuerdo con el proyecto presentado y la matr\u00edcula de estudiantes del establecimiento.<\/p>\n<p>\u201cAviso de Confidencialidad: Este correo electr\u00f3nico y\/o el material adjunto es para uso exclusivo del emisor y la persona o entidad a la que expresamente se le ha enviado, y puede contener informaci\u00f3n confidencial o material privilegiado. Si usted no es el destinatario leg\u00edtimo del mismo, por favor rep\u00f3rtelo inmediatamente al remitente del correo y b\u00f3rrelo. Cualquier revisi\u00f3n, retransmisi\u00f3n, difusi\u00f3n o cualquier otro uso de este correo, por personas o entidades distintas a las del destinatario leg\u00edtimo, queda expresamente prohibido. Este correo electr\u00f3nico no pretende ni debe ser considerado como constitutivo de ninguna relaci\u00f3n legal, contractual o de otra \u00edndole similar. El Ministerio no asume ninguna responsabilidad por los da\u00f1os y perjuicios resultantes o que tengan conexi\u00f3n con el empleo indebido de esta informaci\u00f3n; su mal uso ser\u00e1 sancionado de conformidad a lo establecido en la la normativa legal vigente al efecto, en particular, de conformidad a lo establecido en las pol\u00edticas de seguridad de la informaci\u00f3n actualmente vigentes y a la aplicaci\u00f3n de la Ley N\u00ba 19.628, sobre protecci\u00f3n de la vida privada\u201d<\/p>\n<p>\u201cAviso de Confidencialidad: Este correo electr\u00f3nico y\/o el material adjunto es para uso exclusivo del emisor y la persona o entidad a la que expresamente se le ha enviado, y puede contener informaci\u00f3n confidencial o material privilegiado. Si usted no es el destinatario leg\u00edtimo del mismo, por favor rep\u00f3rtelo inmediatamente al remitente del correo y b\u00f3rrelo. Cualquier revisi\u00f3n, retransmisi\u00f3n, difusi\u00f3n o cualquier otro uso de este correo, por personas o entidades distintas a las del destinatario leg\u00edtimo, queda expresamente prohibido. Este correo electr\u00f3nico no pretende ni debe ser considerado como constitutivo de ninguna relaci\u00f3n legal, contractual o de otra \u00edndole similar. El Ministerio no asume ninguna responsabilidad por los da\u00f1os y perjuicios resultantes o que tengan conexi\u00f3n con el empleo indebido de esta informaci\u00f3n; su mal uso ser\u00e1 sancionado de conformidad a lo establecido en la normativa legal vigente al efecto, en particular, de conformidad a lo establecido en las pol\u00edticas de seguridad de la informaci\u00f3n<\/p>\n","protected":false},"excerpt":{"rendered":"<p>La iniciativa financiada por la Direcci\u00f3n de Educaci\u00f3n P\u00fablica (DEP) busca apoyar proyectos de fumigaci\u00f3n, lavamanos port\u00e1tiles y adquisici\u00f3n de equipamiento de establecimientos educacionales en&hellip; <\/p>\n","protected":false},"author":2,"featured_media":0,"comment_status":"open","ping_status":"closed","sticky":false,"template":"","format":"standard","meta":{"footnotes":""},"categories":[38],"tags":[],"class_list":["post-34969","post","type-post","status-publish","format-standard","hentry","category-portada-regional"],"_links":{"self":[{"href":"https:\/\/www.radioamigavallenar.cl\/index.php?rest_route=\/wp\/v2\/posts\/34969","targetHints":{"allow":["GET"]}}],"collection":[{"href":"https:\/\/www.radioamigavallenar.cl\/index.php?rest_route=\/wp\/v2\/posts"}],"about":[{"href":"https:\/\/www.radioamigavallenar.cl\/index.php?rest_route=\/wp\/v2\/types\/post"}],"author":[{"embeddable":true,"href":"https:\/\/www.radioamigavallenar.cl\/index.php?rest_route=\/wp\/v2\/users\/2"}],"replies":[{"embeddable":true,"href":"https:\/\/www.radioamigavallenar.cl\/index.php?rest_route=%2Fwp%2Fv2%2Fcomments&post=34969"}],"version-history":[{"count":1,"href":"https:\/\/www.radioamigavallenar.cl\/index.php?rest_route=\/wp\/v2\/posts\/34969\/revisions"}],"predecessor-version":[{"id":34971,"href":"https:\/\/www.radioamigavallenar.cl\/index.php?rest_route=\/wp\/v2\/posts\/34969\/revisions\/34971"}],"wp:attachment":[{"href":"https:\/\/www.radioamigavallenar.cl\/index.php?rest_route=%2Fwp%2Fv2%2Fmedia&parent=34969"}],"wp:term":[{"taxonomy":"category","embeddable":true,"href":"https:\/\/www.radioamigavallenar.cl\/index.php?rest_route=%2Fwp%2Fv2%2Fcategories&post=34969"},{"taxonomy":"post_tag","embeddable":true,"href":"https:\/\/www.radioamigavallenar.cl\/index.php?rest_route=%2Fwp%2Fv2%2Ftags&post=34969"}],"curies":[{"name":"wp","href":"https:\/\/api.w.org\/{rel}","templated":true}]}}