{"id":34966,"date":"2021-01-21T06:00:48","date_gmt":"2021-01-21T09:00:48","guid":{"rendered":"https:\/\/www.radioamigavallenar.cl\/?p=34966"},"modified":"2021-01-20T20:43:34","modified_gmt":"2021-01-20T23:43:34","slug":"agricultores-y-vecinos-de-huasco-conocen-el-anteproyecto-de-las-normas-secundarias-de-calidad-para-las-aguas-del-rio-huasco","status":"publish","type":"post","link":"https:\/\/www.radioamigavallenar.cl\/?p=34966","title":{"rendered":"Agricultores y Vecinos de Huasco conocen el Anteproyecto de las Normas Secundarias de Calidad para las aguas del r\u00edo Huasco."},"content":{"rendered":"<p>La Consulta Ciudadana se inici\u00f3 el 16 de noviembre y se mantendr\u00e1 hasta el 10 de febrero de 2021.<\/p>\n<p>La Comuna de Huasco fue el lugar escogido para realizar una ronda de reuniones presenciales\u00a0 solicitado por la propia comunidad para conocer en detalle el Anteproyecto de las Normas Secundarias de Calidad Ambiental para las aguas del r\u00edo Huasco, donde se resguardaron todas las medidas sanitarias y protocolos de aforo de personas seg\u00fan lo indicado en el Plan Paso a Paso establecido producto de la pandemia del COVID- 19 que afecta al pa\u00eds y a la Regi\u00f3n de Atacama. .<\/p>\n<p>El primer encuentro de los profesionales de la Seremi del Medio Ambiente fue con los Vecinos de la Localidad de El Pino donde los pobladores analizaron e hicieron preguntas sobre el Anteproyecto de las Normas, en el marco\u00a0 del proceso de la Consulta Ciudadana, luego de ser publicada en el Diario Oficial la resoluci\u00f3n que dio su inicio a partir del 16 de noviembre y que finaliza el 10 de febrero de 2021, puesto que tiene una duraci\u00f3n de 60 d\u00edas h\u00e1biles.<\/p>\n<p>M\u00e1s tarde fue el turno de los agricultores de la localidad de Huasco Bajo, quienes tambi\u00e9n resolvieron sus inquietudes y aportaron sus puntos de vista respecto del Anteproyecto de las Normas, sobre todo con lo relacionado a los puntos de monitoreo de las 17 \u00e1reas de vigilancia propuestas.<\/p>\n<p>En ese sentido, el Seremi del Medio Ambiente, Guillermo Ready explic\u00f3 que es importante que la ciudadan\u00eda conozca los pormenores y en profundidad el Anteproyecto con la finalidad de incorporar al proyecto final todas sus observaciones, inquietudes y comentarios, debido a que ellos son quienes mejor conocer todos los aspectos del territorio y al impacto econ\u00f3mico y social que tendr\u00e1 desde su aplicaci\u00f3n en la cuenca, el cual es considerado como altamente positivo.<\/p>\n<p>En esa l\u00ednea los encuentros presenciales a petici\u00f3n de los vecinos continuaran. El d\u00eda lunes 25 se realizar\u00e1 una reuni\u00f3n con los vecinos del Sector Baquedano de Vallenar, el martes otro encuentro en la Comuna de Freirina en el Edificio Los Portales.\u00a0 Ambos encuentros se realizar\u00e1n a las 16:00 horas.<\/p>\n<p>La Consulta Ciudadana continuar\u00e1 desarroll\u00e1ndose hasta el 10 de febrero del 2021 y los canales de comunica oficial son:\u00a0Oficina de Gesti\u00f3n Territorial de la Gobernaci\u00f3n Provincial de Huasco, ubicada en Plaza de Armas S\/N\u00b0, Vallenar los d\u00edas martes y jueves de 10:30 a 13:00 horas, oficina de partes de la Seremi de Atacama, ubicada en Portales N\u00ba 830, Copiap\u00f3, de lunes a viernes de 8:30 a 13:00 horas y quienes est\u00e9n interesados en conocer el Anteproyecto y la programaci\u00f3n de actividades, podr\u00e1n encontrar todo en el sitio electr\u00f3nico\u00a0<a href=\"http:\/\/consultasciudadanas.mma.gob.cl\/\">http:\/\/consultasciudadanas.mma.gob.cl\/<\/a><\/p>\n","protected":false},"excerpt":{"rendered":"<p>La Consulta Ciudadana se inici\u00f3 el 16 de noviembre y se mantendr\u00e1 hasta el 10 de febrero de 2021. La Comuna de Huasco fue el&hellip; <\/p>\n","protected":false},"author":2,"featured_media":0,"comment_status":"open","ping_status":"closed","sticky":false,"template":"","format":"standard","meta":{"footnotes":""},"categories":[7],"tags":[],"class_list":["post-34966","post","type-post","status-publish","format-standard","hentry","category-atacama"],"_links":{"self":[{"href":"https:\/\/www.radioamigavallenar.cl\/index.php?rest_route=\/wp\/v2\/posts\/34966","targetHints":{"allow":["GET"]}}],"collection":[{"href":"https:\/\/www.radioamigavallenar.cl\/index.php?rest_route=\/wp\/v2\/posts"}],"about":[{"href":"https:\/\/www.radioamigavallenar.cl\/index.php?rest_route=\/wp\/v2\/types\/post"}],"author":[{"embeddable":true,"href":"https:\/\/www.radioamigavallenar.cl\/index.php?rest_route=\/wp\/v2\/users\/2"}],"replies":[{"embeddable":true,"href":"https:\/\/www.radioamigavallenar.cl\/index.php?rest_route=%2Fwp%2Fv2%2Fcomments&post=34966"}],"version-history":[{"count":1,"href":"https:\/\/www.radioamigavallenar.cl\/index.php?rest_route=\/wp\/v2\/posts\/34966\/revisions"}],"predecessor-version":[{"id":34968,"href":"https:\/\/www.radioamigavallenar.cl\/index.php?rest_route=\/wp\/v2\/posts\/34966\/revisions\/34968"}],"wp:attachment":[{"href":"https:\/\/www.radioamigavallenar.cl\/index.php?rest_route=%2Fwp%2Fv2%2Fmedia&parent=34966"}],"wp:term":[{"taxonomy":"category","embeddable":true,"href":"https:\/\/www.radioamigavallenar.cl\/index.php?rest_route=%2Fwp%2Fv2%2Fcategories&post=34966"},{"taxonomy":"post_tag","embeddable":true,"href":"https:\/\/www.radioamigavallenar.cl\/index.php?rest_route=%2Fwp%2Fv2%2Ftags&post=34966"}],"curies":[{"name":"wp","href":"https:\/\/api.w.org\/{rel}","templated":true}]}}