{"id":34963,"date":"2021-01-21T06:00:38","date_gmt":"2021-01-21T09:00:38","guid":{"rendered":"https:\/\/www.radioamigavallenar.cl\/?p=34963"},"modified":"2021-01-20T20:42:19","modified_gmt":"2021-01-20T23:42:19","slug":"comienza-vacunacion-contra-el-covid-en-adultos-mayores-y-cuidadores-de-los-eleam-de-atacama","status":"publish","type":"post","link":"https:\/\/www.radioamigavallenar.cl\/?p=34963","title":{"rendered":"Comienza vacunaci\u00f3n contra el Covid en adultos mayores y cuidadores de los ELEAM de Atacama"},"content":{"rendered":"<p><strong>Este proceso hist\u00f3rico de inmunizaci\u00f3n beneficiar\u00e1 personas de 4 centros que incluye a adultos mayores residentes y sus cuidadores.<\/strong><span id=\"more-234575\"><\/span><\/p>\n<p>En el Hogar Nuestra Se\u00f1ora de la Candelaria y con la presencia de autoridades regionales encabezadas por el Intendente Patricio Urquieta, el Gobierno da inicio al proceso de vacunaci\u00f3n voluntaria de adultos mayores residentes de Establecimientos de Larga Estad\u00eda (ELEAM), definido como uno de los grupos prioritarios por las autoridades tanto nacionales como regionales.<\/p>\n<p>Al respecto, el Intendente de Atacama Patricio Urquieta, manifest\u00f3 que \u201choy d\u00eda con gran alegr\u00eda y gracias a la colaboraci\u00f3n de la congregaci\u00f3n de hermanas del hogar Candelaria, comenzamos la vacunaci\u00f3n de 36 adultos mayores y 19 personas que trabajan al interior de este hogar, que se han sumado con gran esperanza y alegr\u00eda para poder enfrentar de la mejor manera este proceso hist\u00f3rico que estamos viviendo en la regi\u00f3n y todo el pa\u00eds, trabajo que ha liderado el Presidente Pi\u00f1era para poder contar con una vacuna segura, eficaz y que haya llegado en forma oportuna a nuestra regi\u00f3n\u201d<\/p>\n<p>A su vez, el Seremi de Desarrollo Social y Familia, Luis Morales Vergara, coment\u00f3 que este proceso \u201ccomenzar\u00e1 de forma progresiva en la regi\u00f3n y se ir\u00e1 extendiendo al resto de las comunas a medida que vayan llegando nuevas dosis de vacunas. Esto tiene como objetivo proteger a las personas mayores con alta vulnerabilidad sanitaria en la regi\u00f3n y resguardar su salud\u201d.<\/p>\n<p>De la misma forma, el Seremi de Salud, Basti\u00e1n Hermosilla, sostuvo: \u201cEstamos muy contentos de poder colaborar y comenzar en este proceso de programaci\u00f3n con los adultos mayores para que en un corto plazo generemos la inmunidad en este p\u00fablico objetivo y as\u00ed entregar las facilidades y las herramientas para poder desarrollar una vida plena\u201d.<\/p>\n<p>Equipos t\u00e9cnicos del Ministerio de Salud, el SENAMA y de la Sociedad de Geriatr\u00eda y Gerontolog\u00eda de Chile, han participado en reuniones informativas con los operadores de estos establecimientos en el pa\u00eds, entregando informaci\u00f3n sobre la vacunaci\u00f3n y aclarando dudas al respecto.<\/p>\n<p>\u201cEstamos muy contentos por el porcentaje de aceptaci\u00f3n frente a la vacuna, tanto de funcionarios como residentes donde estamos llegando el 80% de las personas a vacunar. De igual forma, estamos con total disposici\u00f3n para poder apoyar y agilizar el proceso de vacunaci\u00f3n para el grupo etario que va a ser de los mayores de 80 a\u00f1os por parte de la autoridad sanitaria que en Atacama son del orden de las 8 mil personas mayores y representan el 16% del total de la poblaci\u00f3n mayor\u201d, expres\u00f3 Ada Bassi.<\/p>\n<p>Cabe se\u00f1alar que las vacunas actualmente autorizadas se deben administrar en dos dosis, logrando la m\u00e1xima eficacia 15 d\u00edas despu\u00e9s de aplicada la segunda dosis. Esta iniciativa del Gobierno busca proteger la salud de quien se vacuna y la de los dem\u00e1s, ya que evita o restringe la diseminaci\u00f3n del virus.<\/p>\n","protected":false},"excerpt":{"rendered":"<p>Este proceso hist\u00f3rico de inmunizaci\u00f3n beneficiar\u00e1 personas de 4 centros que incluye a adultos mayores residentes y sus cuidadores. En el Hogar Nuestra Se\u00f1ora de&hellip; <\/p>\n","protected":false},"author":2,"featured_media":0,"comment_status":"open","ping_status":"closed","sticky":false,"template":"","format":"standard","meta":{"footnotes":""},"categories":[7],"tags":[],"class_list":["post-34963","post","type-post","status-publish","format-standard","hentry","category-atacama"],"_links":{"self":[{"href":"https:\/\/www.radioamigavallenar.cl\/index.php?rest_route=\/wp\/v2\/posts\/34963","targetHints":{"allow":["GET"]}}],"collection":[{"href":"https:\/\/www.radioamigavallenar.cl\/index.php?rest_route=\/wp\/v2\/posts"}],"about":[{"href":"https:\/\/www.radioamigavallenar.cl\/index.php?rest_route=\/wp\/v2\/types\/post"}],"author":[{"embeddable":true,"href":"https:\/\/www.radioamigavallenar.cl\/index.php?rest_route=\/wp\/v2\/users\/2"}],"replies":[{"embeddable":true,"href":"https:\/\/www.radioamigavallenar.cl\/index.php?rest_route=%2Fwp%2Fv2%2Fcomments&post=34963"}],"version-history":[{"count":1,"href":"https:\/\/www.radioamigavallenar.cl\/index.php?rest_route=\/wp\/v2\/posts\/34963\/revisions"}],"predecessor-version":[{"id":34965,"href":"https:\/\/www.radioamigavallenar.cl\/index.php?rest_route=\/wp\/v2\/posts\/34963\/revisions\/34965"}],"wp:attachment":[{"href":"https:\/\/www.radioamigavallenar.cl\/index.php?rest_route=%2Fwp%2Fv2%2Fmedia&parent=34963"}],"wp:term":[{"taxonomy":"category","embeddable":true,"href":"https:\/\/www.radioamigavallenar.cl\/index.php?rest_route=%2Fwp%2Fv2%2Fcategories&post=34963"},{"taxonomy":"post_tag","embeddable":true,"href":"https:\/\/www.radioamigavallenar.cl\/index.php?rest_route=%2Fwp%2Fv2%2Ftags&post=34963"}],"curies":[{"name":"wp","href":"https:\/\/api.w.org\/{rel}","templated":true}]}}