{"id":34960,"date":"2021-01-21T06:00:42","date_gmt":"2021-01-21T09:00:42","guid":{"rendered":"https:\/\/www.radioamigavallenar.cl\/?p=34960"},"modified":"2021-01-20T20:41:26","modified_gmt":"2021-01-20T23:41:26","slug":"pdi-detuvo-a-sujeto-por-microtrafico-en-copiapo","status":"publish","type":"post","link":"https:\/\/www.radioamigavallenar.cl\/?p=34960","title":{"rendered":"PDI detuvo a sujeto por microtr\u00e1fico en Copiap\u00f3."},"content":{"rendered":"<p>Detectives Brigada Antinarc\u00f3ticos y Contra el Crimen Organizado (BRIANCO) de la PDI Atacama, detuvieron a un sujeto de 53 a\u00f1os, de nacionalidad chilena, por el delito flagrante de Tr\u00e1fico de Drogas en Peque\u00f1as Cantidades.<\/p>\n<p>En virtud a una investigaci\u00f3n coordinada con la Fiscal\u00eda Local de Copiap\u00f3, por el delito sancionado en el art\u00edculo 4\u00b0 de la Ley 20.000, detectives establecieron que el imputado se dedicaba a la comercializaci\u00f3n de sustancias il\u00edcitas desde su domicilio ubicado en la poblaci\u00f3n Pedro Le\u00f3n Gallo.<\/p>\n<p>Los antecedentes obtenidos, durante las diligencias realizadas, fueron informados al fiscal a cargo, quien gestion\u00f3 la orden de entrada y registro para el inmueble investigado, concretando la irrupci\u00f3n en horas de la tarde.<\/p>\n<p>Durante el procedimiento se logr\u00f3 la incautaci\u00f3n de 613 dosis de Coca\u00edna Base, elementos utilizados para la dosificaci\u00f3n de la droga y $50.610 pesos en dinero en efectivo de baja denominaci\u00f3n, concretando de esta forma la operaci\u00f3n \u201cLe\u00f3n\u201d con resultados positivos. Es dable destacar que al momento del ingreso a la vivienda el imputado se encontraba realizando el proceso de secado de la droga.<\/p>\n<p>Respecto de esta causa desde la Fiscal\u00eda de Atacama, indicaron que el imputado fue formalizado este mi\u00e9rcoles ante el Juzgado de Garant\u00eda de Copiap\u00f3, ocasi\u00f3n en que el fiscal Juan Andr\u00e9s Shertzer argument\u00f3 los hechos materia de la investigaci\u00f3n y los antecedentes del caso. Con ello, solicit\u00f3 al Juez de turno la medida cautelar de prisi\u00f3n preventiva, la que fue acogida por el Tribunal ordenando el ingreso del imputado a la c\u00e1rcel de la capital regional. En relaci\u00f3n al caso se indic\u00f3 que la persecuci\u00f3n penal en materia de microtr\u00e1fico de drogas se desarrolla de forma permanente con la finalidad de erradicar el porte, venta y consumo de droga en las comunas de la regi\u00f3n.<\/p>\n","protected":false},"excerpt":{"rendered":"<p>Detectives Brigada Antinarc\u00f3ticos y Contra el Crimen Organizado (BRIANCO) de la PDI Atacama, detuvieron a un sujeto de 53 a\u00f1os, de nacionalidad chilena, por el&hellip; <\/p>\n","protected":false},"author":2,"featured_media":0,"comment_status":"open","ping_status":"closed","sticky":false,"template":"","format":"standard","meta":{"footnotes":""},"categories":[7],"tags":[],"class_list":["post-34960","post","type-post","status-publish","format-standard","hentry","category-atacama"],"_links":{"self":[{"href":"https:\/\/www.radioamigavallenar.cl\/index.php?rest_route=\/wp\/v2\/posts\/34960","targetHints":{"allow":["GET"]}}],"collection":[{"href":"https:\/\/www.radioamigavallenar.cl\/index.php?rest_route=\/wp\/v2\/posts"}],"about":[{"href":"https:\/\/www.radioamigavallenar.cl\/index.php?rest_route=\/wp\/v2\/types\/post"}],"author":[{"embeddable":true,"href":"https:\/\/www.radioamigavallenar.cl\/index.php?rest_route=\/wp\/v2\/users\/2"}],"replies":[{"embeddable":true,"href":"https:\/\/www.radioamigavallenar.cl\/index.php?rest_route=%2Fwp%2Fv2%2Fcomments&post=34960"}],"version-history":[{"count":1,"href":"https:\/\/www.radioamigavallenar.cl\/index.php?rest_route=\/wp\/v2\/posts\/34960\/revisions"}],"predecessor-version":[{"id":34961,"href":"https:\/\/www.radioamigavallenar.cl\/index.php?rest_route=\/wp\/v2\/posts\/34960\/revisions\/34961"}],"wp:attachment":[{"href":"https:\/\/www.radioamigavallenar.cl\/index.php?rest_route=%2Fwp%2Fv2%2Fmedia&parent=34960"}],"wp:term":[{"taxonomy":"category","embeddable":true,"href":"https:\/\/www.radioamigavallenar.cl\/index.php?rest_route=%2Fwp%2Fv2%2Fcategories&post=34960"},{"taxonomy":"post_tag","embeddable":true,"href":"https:\/\/www.radioamigavallenar.cl\/index.php?rest_route=%2Fwp%2Fv2%2Ftags&post=34960"}],"curies":[{"name":"wp","href":"https:\/\/api.w.org\/{rel}","templated":true}]}}