{"id":34955,"date":"2021-01-20T12:36:28","date_gmt":"2021-01-20T15:36:28","guid":{"rendered":"https:\/\/www.radioamigavallenar.cl\/?p=34955"},"modified":"2021-01-20T13:39:34","modified_gmt":"2021-01-20T16:39:34","slug":"atacama-reporto-este-miercoles-40-nuevos-casos-de-coronavirus","status":"publish","type":"post","link":"https:\/\/www.radioamigavallenar.cl\/?p=34955","title":{"rendered":"Atacama report\u00f3 este mi\u00e9rcoles 40 nuevos casos de Coronavirus"},"content":{"rendered":"<p>El Minsal inform\u00f3 este mi\u00e9rcoles un total de 40 nuevos casos de la enfermedad en la regi\u00f3n, de ellos 32 fueron casos sintom\u00e1ticos y 8 sin s\u00edntomas, adem\u00e1s se reportaron 328 casos activos confirmados en las \u00faltimas horas\u00a0 en toda la regi\u00f3n de Atacama.<\/p>\n<p style=\"text-align: center;\"><a href=\"https:\/\/www.radioamigavallenar.cl\/wp-content\/uploads\/2021\/01\/EsMEkRyW8AEgDQu.jpg\"><img loading=\"lazy\" decoding=\"async\" class=\"alignnone  wp-image-34958\" src=\"https:\/\/www.radioamigavallenar.cl\/wp-content\/uploads\/2021\/01\/EsMEkRyW8AEgDQu-300x300.jpg\" alt=\"\" width=\"615\" height=\"615\" \/><\/a><\/p>\n<p>Con ello Atacama alcanza a la fecha un total de 9.376 casos acumulados de Coronavirus.<\/p>\n","protected":false},"excerpt":{"rendered":"<p>El Minsal inform\u00f3 este mi\u00e9rcoles un total de 40 nuevos casos de la enfermedad en la regi\u00f3n, de ellos 32 fueron casos sintom\u00e1ticos y 8&hellip; <\/p>\n","protected":false},"author":2,"featured_media":32444,"comment_status":"open","ping_status":"closed","sticky":false,"template":"","format":"standard","meta":{"footnotes":""},"categories":[38],"tags":[],"class_list":["post-34955","post","type-post","status-publish","format-standard","has-post-thumbnail","hentry","category-portada-regional"],"_links":{"self":[{"href":"https:\/\/www.radioamigavallenar.cl\/index.php?rest_route=\/wp\/v2\/posts\/34955","targetHints":{"allow":["GET"]}}],"collection":[{"href":"https:\/\/www.radioamigavallenar.cl\/index.php?rest_route=\/wp\/v2\/posts"}],"about":[{"href":"https:\/\/www.radioamigavallenar.cl\/index.php?rest_route=\/wp\/v2\/types\/post"}],"author":[{"embeddable":true,"href":"https:\/\/www.radioamigavallenar.cl\/index.php?rest_route=\/wp\/v2\/users\/2"}],"replies":[{"embeddable":true,"href":"https:\/\/www.radioamigavallenar.cl\/index.php?rest_route=%2Fwp%2Fv2%2Fcomments&post=34955"}],"version-history":[{"count":2,"href":"https:\/\/www.radioamigavallenar.cl\/index.php?rest_route=\/wp\/v2\/posts\/34955\/revisions"}],"predecessor-version":[{"id":34959,"href":"https:\/\/www.radioamigavallenar.cl\/index.php?rest_route=\/wp\/v2\/posts\/34955\/revisions\/34959"}],"wp:featuredmedia":[{"embeddable":true,"href":"https:\/\/www.radioamigavallenar.cl\/index.php?rest_route=\/wp\/v2\/media\/32444"}],"wp:attachment":[{"href":"https:\/\/www.radioamigavallenar.cl\/index.php?rest_route=%2Fwp%2Fv2%2Fmedia&parent=34955"}],"wp:term":[{"taxonomy":"category","embeddable":true,"href":"https:\/\/www.radioamigavallenar.cl\/index.php?rest_route=%2Fwp%2Fv2%2Fcategories&post=34955"},{"taxonomy":"post_tag","embeddable":true,"href":"https:\/\/www.radioamigavallenar.cl\/index.php?rest_route=%2Fwp%2Fv2%2Ftags&post=34955"}],"curies":[{"name":"wp","href":"https:\/\/api.w.org\/{rel}","templated":true}]}}