{"id":34953,"date":"2021-01-20T10:19:13","date_gmt":"2021-01-20T13:19:13","guid":{"rendered":"https:\/\/www.radioamigavallenar.cl\/?p=34953"},"modified":"2021-01-20T11:20:43","modified_gmt":"2021-01-20T14:20:43","slug":"el-pasado-que-tizna-la-opcion-de-provoste-para-llegar-a-la-presidencia-del-senado","status":"publish","type":"post","link":"https:\/\/www.radioamigavallenar.cl\/?p=34953","title":{"rendered":"El pasado que \u201ctizna\u201d la opci\u00f3n de Provoste para llegar a la presidencia del Senado"},"content":{"rendered":"<p>En 1999, la entonces gobernadora de la Provincia de Huasco y actual senadora de la Democracia Cristiana vot\u00f3 a favor del proyecto que permit\u00eda el uso de mezclas de carb\u00f3n y Petcoke -un peligroso combustible para la salud que se obtiene luego de refinar el petr\u00f3leo- en la Central Termoel\u00e9ctrica Guacolda, emplazada en el Huasco, una de las 5 \u201czonas de sacrificio\u201d del pa\u00eds. Decisiones del pasado que podr\u00edan perjudicar a la integrante de la Comisi\u00f3n de Miner\u00eda y Energ\u00eda en su aspiraci\u00f3n de presidir la C\u00e1mara Alta este 2021.<\/p>\n<p><strong>Entre los 5 senadores de la Democracia Cristiana se deber\u00e1n repartir los puestos de presidente y vicepresidente de la C\u00e1mara Alta<\/strong>\u00a0que ser\u00e1n votados por la Sala para liderarla desde marzo de este a\u00f1o. Por primera vez desde la vuelta a la democracia, los dos cargos m\u00e1s altos del Senado quedar\u00e1n a cargo de un mismo partido, lo que se acord\u00f3 antes de marzo del 2018.<\/p>\n<p>En ese pacto administrativo, firmado por los jefes de comit\u00e9s, se decidi\u00f3 que la presidencia de la C\u00e1mara Alta quedar\u00eda en manos de Carlos Montes (PS) y Carlos Bianchi (Ind.) en 2018; Jaime Quintana (PPD) y Alfonso de Urresti (PS), en 2019; Adriana Mu\u00f1oz (PPD) y Rabindranath Quinteros (PS) en 2020 y\u00a0<strong>dos senadores de la DC en 2021.<\/strong><\/p>\n<p>Para el Gobierno, quien tendr\u00e1 el cupo en la testera de la C\u00e1mara Alta es importante, ya que, al ser el \u00faltimo a\u00f1o del per\u00edodo legislativo, el Ejecutivo debe sacar adelante proyectos clave de su programa y es precisamente el presidente del Senado el que define la tabla de los proyectos a votar y si se respetan o no las urgencias que pone el gobierno.<\/p>\n<p>Entre los 5 senadores de la DC,\u00a0<strong>Francisco Huenchumilla<\/strong>\u00a0y\u00a0<strong>Jorge Pizarro<\/strong>\u00a0tienen posibilidades para subir a la testera. \u00c9ste \u00faltimo, dicen, tendr\u00eda los votos del comit\u00e9 y ha sido presidente de la C\u00e1mara Alta en dos ocasiones. Dentro de las senadoras\u00a0<strong>Ximena Rinc\u00f3n<\/strong>\u00a0no estar\u00eda en carrera para priorizar su candidatura presidencial y\u00a0<strong>Carolina Goic<\/strong>\u00a0no tendr\u00eda los votos necesarios al interior de su bancada, por lo que\u00a0<strong>Yasna Provoste es la carta probable para enfrentar la votaci\u00f3n en Sala y posiblemente presidir el Senado<\/strong>.<\/p>\n<p>Dadas las circunstancias, Provoste, quien se ha caracterizado por una dura oposici\u00f3n al Gobierno, tendr\u00eda el favoritismo en la carrera, pero hay un tema que podr\u00eda pesar en la decisi\u00f3n de los senadores para optar por la integrante de la Comisi\u00f3n de Miner\u00eda y Energ\u00eda.<\/p>\n<p><strong>En 1999, Yasna Provoste, entonces Gobernadora de la Provincia de Huasco, vot\u00f3 a favor de un proyecto que permit\u00eda el \u201cuso de mezclas de carb\u00f3n y Petcoke en la Central Termoel\u00e9ctrica Guacolda\u201d,<\/strong>\u00a0ubicada en la Provincia de Huasco.<\/p>\n<p>Durante la votaci\u00f3n de ese proyecto en Atacama, la Comisi\u00f3n Regional de Medio Ambiente (Corema) expuso que el uso de mezclas de carb\u00f3n y Petcoke, que es un combustible que queda despu\u00e9s de refinar el petr\u00f3leo y contiene altas cantidades de azufre y metales pesados, puede ser muy da\u00f1ino para la salud, provocando el c\u00e1ncer entre uno de sus efectos negativos.<\/p>\n<p>Durante la misma sesi\u00f3n, la\u00a0<strong>Termoel\u00e9ctrica Guacolda<\/strong>, cuyo\u00a0<strong>presidente del directorio<\/strong>\u00a0de la empresa Guacolda era el ex ministro de los presidentes Ricardo Lagos y Michelle Bachelet,\u00a0<strong>Jorge Rodr\u00edguez Grossi, tambi\u00e9n DC<\/strong>, se neg\u00f3 a instalar sistemas de abatimiento de azufre y ampliar la red de monitoreo de calidad de aire, como lo insist\u00eda la Corema. Tras esa decisi\u00f3n, el entonces director regional de la Comisi\u00f3n Nacional del Medioambiente (Conama), Daniel \u00c1lvarez, vot\u00f3 en contra e incluy\u00f3 en el acta el documento con las razones para negarse, en el que dice que\u00a0<strong>\u201cla no inclusi\u00f3n de la tecnolog\u00eda de abatimiento de azufre convierte al proyecto en inviable de acuerdo al criterio de la Comisi\u00f3n Nacional de Energ\u00eda\u201d.<\/strong><\/p>\n<p><strong>A pesar de la evidencia, Yasna Provoste y otros 9 asistentes a la sesi\u00f3n extraordinaria votaron a favor del proyecto<\/strong>\u00a0y otras 7 autoridades lo rechazaron, entre ellas, el Serplac y los seremis de Agricultura, Salud, Vivienda y Urbanismo, y Transportes y Telecomunicaciones.<\/p>\n<p>Durante la reuni\u00f3n, la actual senadora por Atacama asegur\u00f3, seg\u00fan consta en el acta del encuentro, que\u00a0<strong>\u201cen el futuro se debieran agilizar los procesos para la evaluaci\u00f3n de proyectos\u2026 En el futuro debieran evitarse comparaciones innecesarias entre proyectos del Sistema de Evaluaci\u00f3n de Impacto Ambiental\u2026 Se debe establecer en la Resoluci\u00f3n que el proyecto no le es aplicable ning\u00fan permiso ambiental\u201d<\/strong>.<\/p>\n<h2>A\u00f1os despu\u00e9s, Provoste pide aumentar recursos en \u201czonas de sacrificio\u201d<\/h2>\n<p><strong>La provincia del Huasco es una de las cinco denominadas\u00a0<a href=\"https:\/\/www.terram.cl\/carbon\/2019\/06\/las-cinco-zonas-de-sacrificio-de-chile\/\">\u201czonas de sacrificio\u201d<\/a>\u00a0<\/strong>del pa\u00eds, adem\u00e1s de Quintero-Puchuncav\u00ed, Coronel, Mejillones y Tocopilla. La Termoel\u00e9ctrica Guacolda afecta a una poblaci\u00f3n de m\u00e1s de 9 mil personas desde 1992, cuando comenz\u00f3 a funcionar su primera unidad de 152 MW, como lo se\u00f1ala el\u00a0Mapa de conflictos socioambientales en Chile, escrito por el Instituto Nacional de Derechos Humanos.<\/p>\n<p>El 2002, tres a\u00f1os despu\u00e9s de la aprobaci\u00f3n de la mezcla de carb\u00f3n y Petcoke en la que Provoste particip\u00f3, los problemas ambientales en el Huasco ya eran visibles, por lo que organizaciones de la regi\u00f3n crearon la Coordinadora Ambiental de la Regi\u00f3n de Atacama (CARA), para buscar soluciones a los problemas ecol\u00f3gicos y medioambientales que afectaban el territorio.\u00a0<strong>Para<\/strong>\u00a0<strong>el 2014 cuando el Huasco ya hab\u00eda sido declarado como \u201cZona Latente por Contaminaci\u00f3n de material particulado\u201d, ya que sobrepasaba el 80% de la norma permitida, la planta de Guacolda\u00a0<\/strong><strong>finalizaba la construcci\u00f3n de su quinta unidad, totalizando los 760 MW de potencia.<\/strong><\/p>\n<p>El 2019, la\u00a0Fundaci\u00f3n Chile Sustentable, con datos del Departamento de Salud P\u00fablica de la Universidad Cat\u00f3lica,\u00a0revel\u00f3 datos calificados como\u00a0<strong>\u201cpreocupantes\u201d en las tasas de mortalidad y patolog\u00edas de los habitantes de las ciudades donde existen termoel\u00e9ctricas de carb\u00f3n.<\/strong>\u00a0El estudio arroj\u00f3 que \u201cel riesgo de morir por una enfermedad cerebrovascular en Huasco es 281% mayor que el promedio nacional; las probabilidades de desarrollar enfermedades cr\u00f3nicas de las v\u00edas respiratorias es un 139% m\u00e1s alta y que la presencia de pacientes con asma es casi cuatro veces mayor que en el resto del pa\u00eds\u201d.<\/p>\n<p>El informe fue utilizado por la senadora Provoste en la discusi\u00f3n presupuestaria en la Sala de la C\u00e1mara Alta llevada a cabo en noviembre del a\u00f1o pasado, en la que propon\u00eda\u00a0<strong>aumentar recursos en salud de ciudades que concentran altos niveles de contaminaci\u00f3n medioambiental, llamadas \u201czonas de sacrificio\u201d<\/strong>. La indicaci\u00f3n, que fue acogida por el Gobierno,\u00a0destinaba un monto de hasta mil millones de pesos para un programa especial de reforzamiento de la atenci\u00f3n primaria en sectores con contaminaci\u00f3n ambiental.<\/p>\n<p>Durante la discusi\u00f3n, la senadora valor\u00f3 la atenci\u00f3n del Gobierno y destac\u00f3 la gesti\u00f3n del alcalde del Huasco, Rodrigo Loyola, diciendo que fue \u201cun impulsor muy importante para esta indicaci\u00f3n que hemos presentado\u201d.<\/p>\n<h2 style=\"text-align: center;\">Descarbonizaci\u00f3n como prioridad del Gobierno<\/h2>\n<p>En junio del 2019 el Gobierno anunci\u00f3 un proyecto en el marco de la\u00a0<strong>Ruta Energ\u00e9tica<\/strong>, para\u00a0<strong>erradicar las plantas de carb\u00f3n de aqu\u00ed al 2040.<\/strong>\u00a0El\u00a0plan de descarbonizaci\u00f3n\u00a0plantea la eliminaci\u00f3n, en primera instancia, de 8 termoel\u00e9ctricas del pa\u00eds, las m\u00e1s antiguas, en un per\u00edodo que comenz\u00f3 el 2019 y finaliza el 2024. Ellas son las que se encuentran en las\u00a0comunas de Iquique, Tocopilla, Puchuncav\u00ed y Coronel.\u00a0Luego, se pasar\u00e1 a eliminar las 20 siguientes en un segundo tramo que permitir\u00eda que al 2040 no existan plantas termoel\u00e9ctricas en Chile, dentro de las cuales est\u00e1 la Termoel\u00e9ctrica Guacolda.<\/p>\n<p>Tras el anuncio, la senadora Provoste lo valor\u00f3, pero se\u00f1al\u00f3 que\u00a0\u201cno basta con reducir las centrales termoel\u00e9ctricas, tenemos que ir generando una transformaci\u00f3n en el uso del carb\u00f3n como energ\u00eda, porque<strong>\u00a0los efectos del di\u00f3xido de azufre son muy perjudiciales en la calidad de vida y la biodiversidad\u201d.\u00a0<\/strong>Agreg\u00f3 que \u201cla cantidad de termoel\u00e9ctricas que salen del sistema no se compensa, desde el punto de vista de las emisiones que generan, con aquellas que est\u00e1n entrando\u201d.\u00a0<strong>Palabras que a m\u00e1s de alguien llam\u00f3 la atenci\u00f3n considerando el rol que a\u00f1os antes hab\u00eda jugado por centrales de este tipo.<\/strong><\/p>\n<p>Otra de las medidas que se ha tomado con respecto a las plantas fue precisamente acerca de la mezcla de carb\u00f3n con Petcoke, obligando a las grandes empresas a eliminar el uso de Petcoke. Ante la determinaci\u00f3n, en noviembre del 2017 la empresa Guacolda dej\u00f3 de usar Petcoke en la termoel\u00e9ctrica de Huasco, tras 3 a\u00f1os de solicitudes por parte de la intendencia de Atacama.<\/p>\n","protected":false},"excerpt":{"rendered":"<p>En 1999, la entonces gobernadora de la Provincia de Huasco y actual senadora de la Democracia Cristiana vot\u00f3 a favor del proyecto que permit\u00eda el&hellip; <\/p>\n","protected":false},"author":2,"featured_media":29544,"comment_status":"open","ping_status":"closed","sticky":false,"template":"","format":"standard","meta":{"footnotes":""},"categories":[37],"tags":[],"class_list":["post-34953","post","type-post","status-publish","format-standard","has-post-thumbnail","hentry","category-nacional"],"_links":{"self":[{"href":"https:\/\/www.radioamigavallenar.cl\/index.php?rest_route=\/wp\/v2\/posts\/34953","targetHints":{"allow":["GET"]}}],"collection":[{"href":"https:\/\/www.radioamigavallenar.cl\/index.php?rest_route=\/wp\/v2\/posts"}],"about":[{"href":"https:\/\/www.radioamigavallenar.cl\/index.php?rest_route=\/wp\/v2\/types\/post"}],"author":[{"embeddable":true,"href":"https:\/\/www.radioamigavallenar.cl\/index.php?rest_route=\/wp\/v2\/users\/2"}],"replies":[{"embeddable":true,"href":"https:\/\/www.radioamigavallenar.cl\/index.php?rest_route=%2Fwp%2Fv2%2Fcomments&post=34953"}],"version-history":[{"count":1,"href":"https:\/\/www.radioamigavallenar.cl\/index.php?rest_route=\/wp\/v2\/posts\/34953\/revisions"}],"predecessor-version":[{"id":34954,"href":"https:\/\/www.radioamigavallenar.cl\/index.php?rest_route=\/wp\/v2\/posts\/34953\/revisions\/34954"}],"wp:featuredmedia":[{"embeddable":true,"href":"https:\/\/www.radioamigavallenar.cl\/index.php?rest_route=\/wp\/v2\/media\/29544"}],"wp:attachment":[{"href":"https:\/\/www.radioamigavallenar.cl\/index.php?rest_route=%2Fwp%2Fv2%2Fmedia&parent=34953"}],"wp:term":[{"taxonomy":"category","embeddable":true,"href":"https:\/\/www.radioamigavallenar.cl\/index.php?rest_route=%2Fwp%2Fv2%2Fcategories&post=34953"},{"taxonomy":"post_tag","embeddable":true,"href":"https:\/\/www.radioamigavallenar.cl\/index.php?rest_route=%2Fwp%2Fv2%2Ftags&post=34953"}],"curies":[{"name":"wp","href":"https:\/\/api.w.org\/{rel}","templated":true}]}}