{"id":34951,"date":"2021-01-20T11:17:26","date_gmt":"2021-01-20T14:17:26","guid":{"rendered":"https:\/\/www.radioamigavallenar.cl\/?p=34951"},"modified":"2021-01-20T11:17:26","modified_gmt":"2021-01-20T14:17:26","slug":"presidente-del-bancoestado-pide-que-la-gente-no-vaya-a-sucursales-se-enviaran-tarjetas-a-domicilio","status":"publish","type":"post","link":"https:\/\/www.radioamigavallenar.cl\/?p=34951","title":{"rendered":"Presidente del BancoEstado pide que la gente no vaya a sucursales: Se enviar\u00e1n tarjetas a domicilio"},"content":{"rendered":"<p>\u00abEn este momento el mensaje es que la gente no vaya a cambiar el pl\u00e1stico\u00bb, indic\u00f3 Ricardo de Tezanos.<\/p>\n<p>Las tarjetas seguir\u00e1n funcionando hasta fin de a\u00f1o, de acuerdo a la entidad bancaria.<\/p>\n<p>El presidente de BancoEstado,\u00a0<strong>Ricardo De Tezanos<\/strong>, declar\u00f3 en una\u00a0<strong>sesi\u00f3n especial de la Comisi\u00f3n de Econom\u00eda de la C\u00e1mara Baja<\/strong>\u00a0para abordar la pol\u00e9mica que ha surgido luego de un mensaje emitido por la entidad\u00a0<strong>en el que se anunciaba el bloqueo de las tarjetas Cuenta RUT que no contaban con un chip.<\/strong><\/p>\n<p>El cambio del pl\u00e1stico de la tarjeta Cuenta RUT\u00a0<strong>gener\u00f3 una gran acumulaci\u00f3n de gente en diversas sucursales de la entidad bancaria<\/strong>,\u00a0hecho que deriv\u00f3 en un oficio del Sernac en contra de la entidad estatal.<\/p>\n<p>De Tezanos confirm\u00f3 que solo se trat\u00f3 de una \u00ab<strong>mal interpretaci\u00f3n<\/strong>\u00bb e hizo un llamado<strong>\u00a0para que la gente deje de ir masivamente al banco.<\/strong><\/p>\n<p>\u00abLamentablemente hubo una confusi\u00f3n,<strong>\u00a0un mensaje dirigido individualmente a un grupo espec\u00edfico de clientes, se malinterpret\u00f3 como una comunicaci\u00f3n masiva<\/strong>, lo cual es un error\u00bb, explic\u00f3 el representante de BancoEstado.<\/p>\n<p>\u00abParte de las medidas es la entrega de las tarjetas a domicilio, eso ya fue comunicado a las personas -asegur\u00f3-<strong>\u00a0pero en este momento el mensaje es que la gente no vaya a cambiar el pl\u00e1stico, porque no vamos a bloquear<\/strong>\u00a0(las cuentas)\u00bb.<\/p>\n<h2 style=\"text-align: center;\"><strong>\u00abLa gente desconf\u00eda de BancoEstado\u00bb<\/strong><\/h2>\n<p>El diputado\u00a0<strong>Jaime Naranjo<\/strong>\u00a0(PS), que preside la Comisi\u00f3n de Econom\u00eda, se\u00f1al\u00f3 que se encuentra \u00abmuy desilusionado, porque claramente<strong>\u00a0no toman conciencia de la gravedad de la situaci\u00f3n que se est\u00e1 viviendo en sus sucursales<\/strong>\u00ab.<\/p>\n<p>\u00abEst\u00e1n convencidos de que lo han hecho estupendamente bien,\u00a0<strong>por mucho que ellos digan que las tarjetas van a durar hasta fin de a\u00f1o&#8230; La gente desconf\u00eda de aquello<\/strong>. La sensaci\u00f3n con que uno queda es que, ante esta irresponsabilidad que ha ca\u00eddo el BancoEstado,\u00a0<strong>no se ven luces que indiquen que van a hacer las cosas mejor<\/strong>\u00ab, cerr\u00f3 el diputado.<\/p>\n","protected":false},"excerpt":{"rendered":"<p>\u00abEn este momento el mensaje es que la gente no vaya a cambiar el pl\u00e1stico\u00bb, indic\u00f3 Ricardo de Tezanos. Las tarjetas seguir\u00e1n funcionando hasta fin&hellip; <\/p>\n","protected":false},"author":2,"featured_media":28223,"comment_status":"open","ping_status":"closed","sticky":false,"template":"","format":"standard","meta":{"footnotes":""},"categories":[37],"tags":[],"class_list":["post-34951","post","type-post","status-publish","format-standard","has-post-thumbnail","hentry","category-nacional"],"_links":{"self":[{"href":"https:\/\/www.radioamigavallenar.cl\/index.php?rest_route=\/wp\/v2\/posts\/34951","targetHints":{"allow":["GET"]}}],"collection":[{"href":"https:\/\/www.radioamigavallenar.cl\/index.php?rest_route=\/wp\/v2\/posts"}],"about":[{"href":"https:\/\/www.radioamigavallenar.cl\/index.php?rest_route=\/wp\/v2\/types\/post"}],"author":[{"embeddable":true,"href":"https:\/\/www.radioamigavallenar.cl\/index.php?rest_route=\/wp\/v2\/users\/2"}],"replies":[{"embeddable":true,"href":"https:\/\/www.radioamigavallenar.cl\/index.php?rest_route=%2Fwp%2Fv2%2Fcomments&post=34951"}],"version-history":[{"count":1,"href":"https:\/\/www.radioamigavallenar.cl\/index.php?rest_route=\/wp\/v2\/posts\/34951\/revisions"}],"predecessor-version":[{"id":34952,"href":"https:\/\/www.radioamigavallenar.cl\/index.php?rest_route=\/wp\/v2\/posts\/34951\/revisions\/34952"}],"wp:featuredmedia":[{"embeddable":true,"href":"https:\/\/www.radioamigavallenar.cl\/index.php?rest_route=\/wp\/v2\/media\/28223"}],"wp:attachment":[{"href":"https:\/\/www.radioamigavallenar.cl\/index.php?rest_route=%2Fwp%2Fv2%2Fmedia&parent=34951"}],"wp:term":[{"taxonomy":"category","embeddable":true,"href":"https:\/\/www.radioamigavallenar.cl\/index.php?rest_route=%2Fwp%2Fv2%2Fcategories&post=34951"},{"taxonomy":"post_tag","embeddable":true,"href":"https:\/\/www.radioamigavallenar.cl\/index.php?rest_route=%2Fwp%2Fv2%2Ftags&post=34951"}],"curies":[{"name":"wp","href":"https:\/\/api.w.org\/{rel}","templated":true}]}}