{"id":34948,"date":"2021-01-20T10:49:52","date_gmt":"2021-01-20T13:49:52","guid":{"rendered":"https:\/\/www.radioamigavallenar.cl\/?p=34948"},"modified":"2021-01-20T10:49:52","modified_gmt":"2021-01-20T13:49:52","slug":"chile-recibe-cuarto-cargamento-de-vacunas-contra-el-covid-19-son-44-mil-dosis","status":"publish","type":"post","link":"https:\/\/www.radioamigavallenar.cl\/?p=34948","title":{"rendered":"Chile recibe cuarto cargamento de vacunas contra el covid-19: son 44 mil dosis"},"content":{"rendered":"<p>Este mi\u00e9rcoles pasadas las 08:00 horas lleg\u00f3 el cuarto cargamento de<strong>\u00a0vacunas Pfizer\/BioNTech contra el covid-19, en este caso ser\u00e1n 44 mil dosis,<\/strong>\u00a0las que fueron recibidas por el ministro del Interior, Rodrigo Delgado.<\/p>\n<p>Con este cargamento, las dosis de la vacuna que han llegado a Chile llegan a 154 mil, con las que se espera continuar el plan de vacunaci\u00f3n del pa\u00eds, que ha priorizado a personal de salud y que esta semana incluy\u00f3 tambi\u00e9n a adultos mayores.<\/p>\n<p>Delgado adelant\u00f3 que con la llegada de este cargamento de vacunas esperan cumplir el calendario de vacunaci\u00f3n planteado por el Gobierno, el cual busca que 5 millones de personas reciban las dosis en el primer trimestre.<\/p>\n<p>Por esta raz\u00f3n, el secretario de Estado indic\u00f3 que el presidente Sebasti\u00e1n Pi\u00f1era llam\u00f3 a altos ejecutivos de Pfizer\/BioNTech, luego que la empresa informara que habr\u00edan retrasos en las entregas de las vacunas por redise\u00f1o de sus f\u00e1bricas.<\/p>\n<p>\u201cPese a que esto es a nivel mundial y muchos pa\u00edses se han resignado, el presidente ha hablado con altos ejecutivos (\u2026)<strong>\u00a0estaba muy preocupado de seguir con el calendario comprometido,\u00a0<\/strong>por lo que el lunes Pfizer inform\u00f3 que este cargamento se cumplir\u00eda en tiempo y forma\u201d, dijo Delgado.<\/p>\n<p>Respecto al uso de las vacunas, indic\u00f3 que depender\u00e1 de que esta tarde el Instituto de Salud P\u00fablica (ISP), apruebe el uso de la vacuna de Sinovac y para qu\u00e9 tipo de poblaci\u00f3n se pueda usar.<\/p>\n<p>\u201cLo que ocurra hoy en el ISP tambi\u00e9n va a marcar la estrategia de como se utilizar\u00e1n esta 43.800 dosis\u201d, explic\u00f3.<\/p>\n<p>En la misma l\u00ednea, el ministro de Ciencias, Andr\u00e9s Couve, resalt\u00f3 la importancia de que el ISP apruebe la vacuna Sinovac para la estrategia de vacunaci\u00f3n.<\/p>\n<p>\u201cLas vacunas tienen que aplicarse en las poblaciones que han sido estudiadas (\u2026)<strong>\u00a0el ISP va a definir hoy, adem\u00e1s de autorizar la vacunaci\u00f3n con Sinovac, tambi\u00e9n va a definir cuales son las poblaciones que esa vacuna est\u00e1 destinada\u201d,\u00a0<\/strong>afirm\u00f3.<\/p>\n","protected":false},"excerpt":{"rendered":"<p>Este mi\u00e9rcoles pasadas las 08:00 horas lleg\u00f3 el cuarto cargamento de\u00a0vacunas Pfizer\/BioNTech contra el covid-19, en este caso ser\u00e1n 44 mil dosis,\u00a0las que fueron recibidas&hellip; <\/p>\n","protected":false},"author":2,"featured_media":0,"comment_status":"open","ping_status":"closed","sticky":false,"template":"","format":"standard","meta":{"footnotes":""},"categories":[37],"tags":[],"class_list":["post-34948","post","type-post","status-publish","format-standard","hentry","category-nacional"],"_links":{"self":[{"href":"https:\/\/www.radioamigavallenar.cl\/index.php?rest_route=\/wp\/v2\/posts\/34948","targetHints":{"allow":["GET"]}}],"collection":[{"href":"https:\/\/www.radioamigavallenar.cl\/index.php?rest_route=\/wp\/v2\/posts"}],"about":[{"href":"https:\/\/www.radioamigavallenar.cl\/index.php?rest_route=\/wp\/v2\/types\/post"}],"author":[{"embeddable":true,"href":"https:\/\/www.radioamigavallenar.cl\/index.php?rest_route=\/wp\/v2\/users\/2"}],"replies":[{"embeddable":true,"href":"https:\/\/www.radioamigavallenar.cl\/index.php?rest_route=%2Fwp%2Fv2%2Fcomments&post=34948"}],"version-history":[{"count":1,"href":"https:\/\/www.radioamigavallenar.cl\/index.php?rest_route=\/wp\/v2\/posts\/34948\/revisions"}],"predecessor-version":[{"id":34950,"href":"https:\/\/www.radioamigavallenar.cl\/index.php?rest_route=\/wp\/v2\/posts\/34948\/revisions\/34950"}],"wp:attachment":[{"href":"https:\/\/www.radioamigavallenar.cl\/index.php?rest_route=%2Fwp%2Fv2%2Fmedia&parent=34948"}],"wp:term":[{"taxonomy":"category","embeddable":true,"href":"https:\/\/www.radioamigavallenar.cl\/index.php?rest_route=%2Fwp%2Fv2%2Fcategories&post=34948"},{"taxonomy":"post_tag","embeddable":true,"href":"https:\/\/www.radioamigavallenar.cl\/index.php?rest_route=%2Fwp%2Fv2%2Ftags&post=34948"}],"curies":[{"name":"wp","href":"https:\/\/api.w.org\/{rel}","templated":true}]}}