{"id":34946,"date":"2021-01-20T10:47:58","date_gmt":"2021-01-20T13:47:58","guid":{"rendered":"https:\/\/www.radioamigavallenar.cl\/?p=34946"},"modified":"2021-01-20T10:47:58","modified_gmt":"2021-01-20T13:47:58","slug":"consumo-esperado-de-electricidad-es-mayor-a-la-proyeccion-de-produccion-de-cobre","status":"publish","type":"post","link":"https:\/\/www.radioamigavallenar.cl\/?p=34946","title":{"rendered":"Consumo esperado de electricidad es mayor a la proyecci\u00f3n de producci\u00f3n de cobre"},"content":{"rendered":"<p>As\u00ed lo indica el informe de Cochilco, donde se se\u00f1ala que esta demanda crecer\u00eda 33,8% entre 2020 y 2030, en comparaci\u00f3n con el 22,6% de la producci\u00f3n de metal rojo.<\/p>\n<div class=\"single-post-container pt-2\">\n<p>El consumo esperado de energ\u00eda el\u00e9ctrica es mayor a la proyecci\u00f3n de producci\u00f3n de cobre de aqu\u00ed a 2030, anotando un crecimiento de 33,8% versus un 22,6%, respectivamente, debido al envejecimiento de las minas, las menores leyes del mineral, el agotamiento de minerales oxidables y el mayor uso de agua de mar, seg\u00fan indica el estudio realizado por\u00a0la\u00a0<strong>Comisi\u00f3n Chilena del Cobre (Cochilco)<\/strong>\u00a0en esta materia.<\/p>\n<p>Seg\u00fan las proyecciones del estudio, la mayor expansi\u00f3n de la demanda el\u00e9ctrica en el sector ser\u00eda entre 2023 y 2025, cuando se registre un alza de 11,8%, mientras que la producci\u00f3n cupr\u00edfera llegar\u00eda a 9,6% en el mismo periodo. Posteriormente se registrar\u00eda una desaceleraci\u00f3n, con un crecimiento de 4,8% entre 2026 y 2028.<\/p>\n<p><strong>Cochilco tambi\u00e9n realiz\u00f3 un escenario m\u00e1ximo, donde el consumo el\u00e9ctrico se expandir\u00eda 36,8% entre 2020 y 2030, en comparaci\u00f3n con 26,3% de la producci\u00f3n de cobre.<\/strong>\u00a0Por otro lado, el escenario m\u00ednimo considera un incremento de 18,8% para el periodo, versus 9,4% para la producci\u00f3n del metal rojo.<\/p>\n<p>La regi\u00f3n que anota el mayor consumo el\u00e9ctrico es Antofagasta, con 53% a 2020, lo cual disminuir\u00eda a 51% en 2031. Luego le seguir\u00eda Atacama con un 12% entre 2020 y 2031.<\/p>\n<p>Adem\u00e1s, el estudio consider\u00f3 las proyecciones del Coordinador El\u00e9ctrico Nacional, lo que provoc\u00f3 una variaci\u00f3n entre 34% y 37% del consumo nacional durante el periodo.<\/p>\n<h3>Procesos<\/h3>\n<p>Seg\u00fan Cochilco, el proceso de concentraci\u00f3n del mineral es el que tiene el mayor consumo de energ\u00eda el\u00e9ctrica en la miner\u00eda del cobre, representando el 56% del total en 2020, lo cual aumentar\u00eda a 67% en 2031, mientras que la lixiviaci\u00f3n experimentar\u00eda una baja de 20% a 6% en el mismo periodo.<\/p>\n<p>Por su lado, el proceso de fundici\u00f3n no tendr\u00eda cambios significativos, fluctuando entre 8% y 6% del consumo esperado hacia 2031, en tanto que el uso de agua de mar tendr\u00eda una expansi\u00f3n de 7% a 10% en el periodo.<\/p>\n<p>Finalmente, el informe se\u00f1ala que el suministro a partir de energ\u00edas renovables en la industria llegar\u00eda a cerca de 17,7 TWh a 2023, lo que equivale al 63% de las necesidades agregadas de electricidad del sector en dicho ejercicio.<\/p>\n<\/div>\n","protected":false},"excerpt":{"rendered":"<p>As\u00ed lo indica el informe de Cochilco, donde se se\u00f1ala que esta demanda crecer\u00eda 33,8% entre 2020 y 2030, en comparaci\u00f3n con el 22,6% de&hellip; <\/p>\n","protected":false},"author":2,"featured_media":29203,"comment_status":"open","ping_status":"closed","sticky":false,"template":"","format":"standard","meta":{"footnotes":""},"categories":[37],"tags":[],"class_list":["post-34946","post","type-post","status-publish","format-standard","has-post-thumbnail","hentry","category-nacional"],"_links":{"self":[{"href":"https:\/\/www.radioamigavallenar.cl\/index.php?rest_route=\/wp\/v2\/posts\/34946","targetHints":{"allow":["GET"]}}],"collection":[{"href":"https:\/\/www.radioamigavallenar.cl\/index.php?rest_route=\/wp\/v2\/posts"}],"about":[{"href":"https:\/\/www.radioamigavallenar.cl\/index.php?rest_route=\/wp\/v2\/types\/post"}],"author":[{"embeddable":true,"href":"https:\/\/www.radioamigavallenar.cl\/index.php?rest_route=\/wp\/v2\/users\/2"}],"replies":[{"embeddable":true,"href":"https:\/\/www.radioamigavallenar.cl\/index.php?rest_route=%2Fwp%2Fv2%2Fcomments&post=34946"}],"version-history":[{"count":1,"href":"https:\/\/www.radioamigavallenar.cl\/index.php?rest_route=\/wp\/v2\/posts\/34946\/revisions"}],"predecessor-version":[{"id":34947,"href":"https:\/\/www.radioamigavallenar.cl\/index.php?rest_route=\/wp\/v2\/posts\/34946\/revisions\/34947"}],"wp:featuredmedia":[{"embeddable":true,"href":"https:\/\/www.radioamigavallenar.cl\/index.php?rest_route=\/wp\/v2\/media\/29203"}],"wp:attachment":[{"href":"https:\/\/www.radioamigavallenar.cl\/index.php?rest_route=%2Fwp%2Fv2%2Fmedia&parent=34946"}],"wp:term":[{"taxonomy":"category","embeddable":true,"href":"https:\/\/www.radioamigavallenar.cl\/index.php?rest_route=%2Fwp%2Fv2%2Fcategories&post=34946"},{"taxonomy":"post_tag","embeddable":true,"href":"https:\/\/www.radioamigavallenar.cl\/index.php?rest_route=%2Fwp%2Fv2%2Ftags&post=34946"}],"curies":[{"name":"wp","href":"https:\/\/api.w.org\/{rel}","templated":true}]}}