{"id":34943,"date":"2021-01-20T10:11:50","date_gmt":"2021-01-20T13:11:50","guid":{"rendered":"https:\/\/www.radioamigavallenar.cl\/?p=34943"},"modified":"2021-01-20T10:11:50","modified_gmt":"2021-01-20T13:11:50","slug":"comenzo-proceso-de-vacunacion-a-los-funcionarios-de-la-salud-de-la-provincia-del-huasco","status":"publish","type":"post","link":"https:\/\/www.radioamigavallenar.cl\/?p=34943","title":{"rendered":"Comenz\u00f3 proceso de vacunaci\u00f3n a los funcionarios de la salud de la provincia del Huasco."},"content":{"rendered":"<p>En el Hospital Provincial del Huasco \u201cFernando Arizt\u00eda Ruiz\u201d se llev\u00f3 a cabo la segunda jornada de vacunaci\u00f3n contra el coronavirus que van dirigidas a los funcionarios de la salud en Atacama.<\/p>\n<p>En el proceso de inoculaci\u00f3n, que dio el vamos en la Provincia del Huasco, estuvo presente el Intendente de Atacama, Patricio Urquieta Garc\u00eda; el Seremi de Salud, Basti\u00e1n Hermosilla, el Director del Servicio de Salud de Atacama, Claudio Baeza Avello; la Gobernadora del Huasco, Nelly Galeb Bou y el director del Hospital Provincial del Huasco, Juan Pablo Rojas.<\/p>\n<p>\u201cHoy comenzamos el proceso de vacunaci\u00f3n en la Provincia del Huasco como lo anunciamos ayer con la distribuci\u00f3n de 1.100 dosis iniciales. Tenemos un universo de casi 600 funcionarios considerados como grupo prioritario en Vallenar, en un proceso que se va a desarrollar hasta el viernes y que contemplar\u00e1 el inicio de la vacunaci\u00f3n en APS a partir del jueves. Estamos trabajando tambi\u00e9n en Diego de Almagro, a fin de poder distribuir oportunamente junto a la labor\u00a0 implementada por la Jefatura de Log\u00edstica Nacional, las Fuerzas Armadas y Fuerzas de Orden y Seguridad, a quienes agradecemos\u201d, dijo el Intendente Urquieta.<\/p>\n<p>Por su parte, el Seremi de Salud Basti\u00e1n Hermosilla, se\u00f1al\u00f3 que el proceso de vacunaci\u00f3n \u201cha estado a la altura del gran desaf\u00edo que vivimos como pa\u00eds y regi\u00f3n, y sin duda ha estado con este inicio de vacunaci\u00f3n, dando el ejemplo y llamando a sus pares a que puedan comenzar esta vacunaci\u00f3n que es tan importante para hacer frente a esta dif\u00edcil pandemia. Hoy se comienza a asegurar y a tocar tierra firme en un camino que es largo. El proceso de vacunaci\u00f3n entregar\u00e1 sus frutos a medida que se vayan vacunando m\u00e1s personas\u201d.<\/p>\n<p>Claudio Baeza, Director del SSA coment\u00f3 que \u201cestamos desarrollando todos los esfuerzos para poder protegerlos y este es un ejemplo de ello. As\u00ed como hicimos el a\u00f1o pasado un reforzamiento en materia de recurso humano y de salud mental, hoy avanzamos en este compromiso hecho como Gobierno para poder protegerlos. Atacama es una de las pocas regiones que hoy tiene la capacidad de inmunizar a todos sus funcionarios en un proceso voluntario y gratuito, y eso es un gran esfuerzo, porque sabemos que nuestra l\u00ednea de defensa est\u00e1 en nuestros funcionarios de la salud que tienen la oportunidad y responsabilidad de cuidar, reponer y proteger la salud de nuestra gente\u201d.<\/p>\n<p>Julia L\u00f3pez Carmona, auxiliar param\u00e9dico del Servicio de Urgencias del HPH, fue la primera funcionaria vacunada en la Provincia del Huasco contra el coronavirus. \u201cFui la primera en vacunarme y no he tenido ning\u00fan problema. Llamo a los funcionarios y colegas que no le tengan miedo, que no duele y que es muy bueno vacunarse para que esta pandemia termine luego y comencemos a hacer una vida normal. Estoy feliz y contenta\u201d.<\/p>\n<p>Sandra Bustillo, funcionaria administrativa del CAE, dijo que \u201cesto es muy importantes porque es una gran oportunidad que nos dan para iniciar el t\u00e9rmino de la pandemia, los invito a todos a que se vacunen y que conf\u00eden para volver a la normalidad. Debemos seguir cuid\u00e1ndonos con el uso de las mascarillas, alcohol gel. El plan de vacunaci\u00f3n es como la luz de esperanza para terminar esto\u201d.<\/p>\n<p>Mar\u00eda Jeannette Escobar, enfermera de la Unidad de Paciente Cr\u00edtico, dijo que \u201cestoy agradecida de esta oportunidad \u00fanica que nos dan y los inst\u00f3 a todos, porque no se siente nada y no hay efectos secundarios. Inst\u00f3 a la poblaci\u00f3n y a mis compa\u00f1eros, que ya est\u00e1n cansados y han trabajado todo el a\u00f1o, los inst\u00f3 a participar de esta vacunaci\u00f3n. Es un avance importante, pero no hay que bajar la guardia\u201d.<\/p>\n<p>Luis \u00c1vila Maldonado, m\u00e9dico de la UTI del HPH, dijo que \u201cle doy gracias a Dios, y decir que somos unos afortunados como pa\u00eds, provincia al contar con este tipo de vacuna, porque esto va a ayudar mucho a disminuir esta pandemia casi apocal\u00edptica. He escuchado a colegas dudando de esta vacuna, y yo les digo que tenemos la posibilidad y fortuna de contar con ello\u201d.<\/p>\n","protected":false},"excerpt":{"rendered":"<p>En el Hospital Provincial del Huasco \u201cFernando Arizt\u00eda Ruiz\u201d se llev\u00f3 a cabo la segunda jornada de vacunaci\u00f3n contra el coronavirus que van dirigidas a&hellip; <\/p>\n","protected":false},"author":2,"featured_media":0,"comment_status":"open","ping_status":"closed","sticky":false,"template":"","format":"standard","meta":{"footnotes":""},"categories":[38],"tags":[],"class_list":["post-34943","post","type-post","status-publish","format-standard","hentry","category-portada-regional"],"_links":{"self":[{"href":"https:\/\/www.radioamigavallenar.cl\/index.php?rest_route=\/wp\/v2\/posts\/34943","targetHints":{"allow":["GET"]}}],"collection":[{"href":"https:\/\/www.radioamigavallenar.cl\/index.php?rest_route=\/wp\/v2\/posts"}],"about":[{"href":"https:\/\/www.radioamigavallenar.cl\/index.php?rest_route=\/wp\/v2\/types\/post"}],"author":[{"embeddable":true,"href":"https:\/\/www.radioamigavallenar.cl\/index.php?rest_route=\/wp\/v2\/users\/2"}],"replies":[{"embeddable":true,"href":"https:\/\/www.radioamigavallenar.cl\/index.php?rest_route=%2Fwp%2Fv2%2Fcomments&post=34943"}],"version-history":[{"count":1,"href":"https:\/\/www.radioamigavallenar.cl\/index.php?rest_route=\/wp\/v2\/posts\/34943\/revisions"}],"predecessor-version":[{"id":34945,"href":"https:\/\/www.radioamigavallenar.cl\/index.php?rest_route=\/wp\/v2\/posts\/34943\/revisions\/34945"}],"wp:attachment":[{"href":"https:\/\/www.radioamigavallenar.cl\/index.php?rest_route=%2Fwp%2Fv2%2Fmedia&parent=34943"}],"wp:term":[{"taxonomy":"category","embeddable":true,"href":"https:\/\/www.radioamigavallenar.cl\/index.php?rest_route=%2Fwp%2Fv2%2Fcategories&post=34943"},{"taxonomy":"post_tag","embeddable":true,"href":"https:\/\/www.radioamigavallenar.cl\/index.php?rest_route=%2Fwp%2Fv2%2Ftags&post=34943"}],"curies":[{"name":"wp","href":"https:\/\/api.w.org\/{rel}","templated":true}]}}