{"id":34940,"date":"2021-01-20T08:06:05","date_gmt":"2021-01-20T11:06:05","guid":{"rendered":"https:\/\/www.radioamigavallenar.cl\/?p=34940"},"modified":"2021-01-20T08:06:05","modified_gmt":"2021-01-20T11:06:05","slug":"importantes-acuerdos-entre-seremi-de-bienes-nacionales-y-municipio-de-vallenar","status":"publish","type":"post","link":"https:\/\/www.radioamigavallenar.cl\/?p=34940","title":{"rendered":"Importantes acuerdos entre seremi de bienes nacionales y municipio de Vallenar"},"content":{"rendered":"<p>Una fruct\u00edfera reuni\u00f3n sostuvo el alcalde de Vallenar V\u00edctor Isla Lutz con el seremi de Bienes Nacionales Pablo Castellano Ampuero, oportunidad donde se acord\u00f3 buscar alternativas en materia de terrenos.<\/p>\n<p>En dicho encuentro, la primera autoridad comunal, solicit\u00f3 dar claridad y poner en urgencia, la problem\u00e1tica que viven familias del sector Cuatro Palomas. Tambi\u00e9n, se acord\u00f3 buscar una soluci\u00f3n definitiva a la problem\u00e1tica sanitaria que viven los vecinos de Hacienda Compa\u00f1\u00eda, solicitando un terreno para habilitar una planta de tratamiento de aguas servidas.<\/p>\n<p>En materia tur\u00edstica, se solicit\u00f3 un terreno para la instalaci\u00f3n de un mercadito de atracci\u00f3n tur\u00edstica que une a las comunas de Vallenar, Alto del Carmen, Freirina y Huasco, con informaci\u00f3n tur\u00edstica y productos de la zona.<\/p>\n<p>Este encuentro, cont\u00f3 con la presentaci\u00f3n del equipo Secplac Municipal, encabezado por Miguel Pizarro Gallardo, quienes expusieron al Seremi de Bienes nacionales, las proyecciones referentes a: entregar el dise\u00f1o de una planta de tratamiento de aguas servidas para hacienda Compa\u00f1\u00eda -como prioridad-, de la mano con un proyecto habitacional del sector rural y una sede social para una junta de vecinos.<\/p>\n<p>Miguel Pizarro, coment\u00f3 que la reuni\u00f3n sostenida con el Seremi de Bienes Nacionales tuvo como objetivo principal aunar criterios para dar una soluci\u00f3n concreta a los vecinos de Hacienda Compa\u00f1\u00eda en referencia al tema de alcantarillado y el proyecto de generar una planta de aguas servidas \u201cEst\u00e1 toda la voluntad de parte del gobierno en apoyar esta iniciativa que el equipo Secplac ya tiene armado y listo para la aprobaci\u00f3n. Estamos esperando la respuesta de la Seremi de Bienes Nacionales para comenzar a generar este proyecto\u201d. se\u00f1al\u00f3 Miguel Pizarro, director Secplac.<\/p>\n<p>Por su parte el director de Bienes Nacionales, se\u00f1al\u00f3 que el gobierno brindar\u00e1 todo el apoyo necesario para sacar adelante los proyectos presentados por el municipio de Vallenar \u201choy nos reunimos con el alcalde para tratar temas relevantes entre la Secretar\u00eda regional ministerial de Bienes Nacionales y la Ilustre municipalidad de Vallenar, tratamos temas como el de Cuatro Palomas que, evidentemente es un tema que preocupa al Alcalde, como Ministerio, estamos abocados en resolver ese asunto dentro de los cauces institucionales y dentro de los plazos que nos hemos fijado con un sentido de urgencia\u201d.<\/p>\n<p>\u201cTambi\u00e9n hablamos de otros temas relevantes como el traspaso de la rotonda y la tenencia de Carretera, proyectos que buscar hermosear la comuna, por lo cual, nosotros estamos dispuesto a apoyar, como tambi\u00e9n, en la b\u00fasqueda de un terreno en Hacienda Compa\u00f1\u00eda para la planta de tratamiento de aguas servidas\u201d. Explic\u00f3.<\/p>\n<p>Finalmente, el alcalde V\u00edctor Isla Lutz, agradeci\u00f3 la buena disposici\u00f3n por parte de la autoridad regional.<\/p>\n","protected":false},"excerpt":{"rendered":"<p>Una fruct\u00edfera reuni\u00f3n sostuvo el alcalde de Vallenar V\u00edctor Isla Lutz con el seremi de Bienes Nacionales Pablo Castellano Ampuero, oportunidad donde se acord\u00f3 buscar&hellip; <\/p>\n","protected":false},"author":2,"featured_media":0,"comment_status":"open","ping_status":"closed","sticky":false,"template":"","format":"standard","meta":{"footnotes":""},"categories":[38],"tags":[],"class_list":["post-34940","post","type-post","status-publish","format-standard","hentry","category-portada-regional"],"_links":{"self":[{"href":"https:\/\/www.radioamigavallenar.cl\/index.php?rest_route=\/wp\/v2\/posts\/34940","targetHints":{"allow":["GET"]}}],"collection":[{"href":"https:\/\/www.radioamigavallenar.cl\/index.php?rest_route=\/wp\/v2\/posts"}],"about":[{"href":"https:\/\/www.radioamigavallenar.cl\/index.php?rest_route=\/wp\/v2\/types\/post"}],"author":[{"embeddable":true,"href":"https:\/\/www.radioamigavallenar.cl\/index.php?rest_route=\/wp\/v2\/users\/2"}],"replies":[{"embeddable":true,"href":"https:\/\/www.radioamigavallenar.cl\/index.php?rest_route=%2Fwp%2Fv2%2Fcomments&post=34940"}],"version-history":[{"count":1,"href":"https:\/\/www.radioamigavallenar.cl\/index.php?rest_route=\/wp\/v2\/posts\/34940\/revisions"}],"predecessor-version":[{"id":34942,"href":"https:\/\/www.radioamigavallenar.cl\/index.php?rest_route=\/wp\/v2\/posts\/34940\/revisions\/34942"}],"wp:attachment":[{"href":"https:\/\/www.radioamigavallenar.cl\/index.php?rest_route=%2Fwp%2Fv2%2Fmedia&parent=34940"}],"wp:term":[{"taxonomy":"category","embeddable":true,"href":"https:\/\/www.radioamigavallenar.cl\/index.php?rest_route=%2Fwp%2Fv2%2Fcategories&post=34940"},{"taxonomy":"post_tag","embeddable":true,"href":"https:\/\/www.radioamigavallenar.cl\/index.php?rest_route=%2Fwp%2Fv2%2Ftags&post=34940"}],"curies":[{"name":"wp","href":"https:\/\/api.w.org\/{rel}","templated":true}]}}