{"id":34938,"date":"2021-01-20T07:48:03","date_gmt":"2021-01-20T10:48:03","guid":{"rendered":"https:\/\/www.radioamigavallenar.cl\/?p=34938"},"modified":"2021-01-20T07:48:03","modified_gmt":"2021-01-20T10:48:03","slug":"enami-entrego-informe-anual-de-monitoreo-calidad-del-aire-fhvl","status":"publish","type":"post","link":"https:\/\/www.radioamigavallenar.cl\/?p=34938","title":{"rendered":"ENAMI entreg\u00f3 informe anual de monitoreo calidad del aire FHVL"},"content":{"rendered":"<p>El 99,9% de los promedios horarios de 2020 se situaron en Nivel Normal, por debajo de los 500 microgramos normal metro c\u00fabico (\u00b5g\/m3N). En tanto, el 96,5% de las cifras registradas en las cinco estaciones de monitoreo de ENAMI, se ubicaron por debajo del promedio diario anual de 60 \u00b5g\/m3N.<\/p>\n<p>La Empresa Nacional de Miner\u00eda (ENAMI) dio a conocer el informe anual correspondiente a 2020, que busca dar cuenta de la operaci\u00f3n de la fundici\u00f3n Hern\u00e1n Videla Lira en lo que respecta a los promedios horarios registrados por su Sistema de Monitoreo de Calidad del Aire, disponible en\u00a0<a href=\"http:\/\/www.enami.cl\/\">www.enami.cl<\/a>. Al respecto, recordamos que la operaci\u00f3n de la fundici\u00f3n de ENAMI debe cumplir con la actualizaci\u00f3n de la norma Primaria de Calidad del Aire de Di\u00f3xido de Azufre<a href=\"https:\/\/www.chanarcillo.cl\/enami-entrego-informe-anual-de-monitoreo-calidad-del-aire-fhvl\/#_ftn1\">[1]<\/a>\u00a0(DS 104), que regula valores m\u00e1ximos horarios.<\/p>\n<p>En este nuevo informe se da cuenta que, durante el 2020 se registraron 42.237 promedios horarios en las cinco estaciones de monitoreo emplazadas a lo largo del Valle de Copiap\u00f3. Durante el transcurso del a\u00f1o se registraron 26 eventos que traspasaron los niveles de Alerta Preventiva, Preemergencia o Emergencia establecidos por el Decreto Supremo 104, que representan el 0,06% del total del tiempo registrado.<\/p>\n<div class=\"code-block code-block-3\"><\/div>\n<p>En esa l\u00ednea, la fundici\u00f3n de ENAMI acumula dos a\u00f1os consecutivos de una labor comprometida con la disminuci\u00f3n de sus emisiones. Es as\u00ed como las alzas registradas en 2019 y 2020 representan una disminuci\u00f3n de 42% en comparaci\u00f3n a los eventos ambientales registrados en 2018, a\u00f1o en el que a\u00fan no se ejecutaban proyectos decisivos en el camino hacia una operaci\u00f3n m\u00e1s sustentable del plantel y que han permitido un aumento en la captura de las emisiones, tales como la construcci\u00f3n de la planta de Tratamiento de Gases de Cola, que en 2019 permiti\u00f3 reducir en 95% las emisiones, y el proyecto de Adici\u00f3n de Carga Fr\u00eda con el que se increment\u00f3 a un 96% la captura.<\/p>\n<p>En ese sentido, durante el ejercicio en an\u00e1lisis, la fundici\u00f3n de ENAMI alcanz\u00f3 un 96% de captura de sus emisiones, superando las exigencias de la actual normativa, y proyectando un alza de dos puntos de dicha cifra de la mano de una serie de proyectos que se ejecutar\u00e1n durante el primer semestre de 2021.<\/p>\n","protected":false},"excerpt":{"rendered":"<p>El 99,9% de los promedios horarios de 2020 se situaron en Nivel Normal, por debajo de los 500 microgramos normal metro c\u00fabico (\u00b5g\/m3N). En tanto,&hellip; <\/p>\n","protected":false},"author":2,"featured_media":24976,"comment_status":"open","ping_status":"closed","sticky":false,"template":"","format":"standard","meta":{"footnotes":""},"categories":[38],"tags":[],"class_list":["post-34938","post","type-post","status-publish","format-standard","has-post-thumbnail","hentry","category-portada-regional"],"_links":{"self":[{"href":"https:\/\/www.radioamigavallenar.cl\/index.php?rest_route=\/wp\/v2\/posts\/34938","targetHints":{"allow":["GET"]}}],"collection":[{"href":"https:\/\/www.radioamigavallenar.cl\/index.php?rest_route=\/wp\/v2\/posts"}],"about":[{"href":"https:\/\/www.radioamigavallenar.cl\/index.php?rest_route=\/wp\/v2\/types\/post"}],"author":[{"embeddable":true,"href":"https:\/\/www.radioamigavallenar.cl\/index.php?rest_route=\/wp\/v2\/users\/2"}],"replies":[{"embeddable":true,"href":"https:\/\/www.radioamigavallenar.cl\/index.php?rest_route=%2Fwp%2Fv2%2Fcomments&post=34938"}],"version-history":[{"count":1,"href":"https:\/\/www.radioamigavallenar.cl\/index.php?rest_route=\/wp\/v2\/posts\/34938\/revisions"}],"predecessor-version":[{"id":34939,"href":"https:\/\/www.radioamigavallenar.cl\/index.php?rest_route=\/wp\/v2\/posts\/34938\/revisions\/34939"}],"wp:featuredmedia":[{"embeddable":true,"href":"https:\/\/www.radioamigavallenar.cl\/index.php?rest_route=\/wp\/v2\/media\/24976"}],"wp:attachment":[{"href":"https:\/\/www.radioamigavallenar.cl\/index.php?rest_route=%2Fwp%2Fv2%2Fmedia&parent=34938"}],"wp:term":[{"taxonomy":"category","embeddable":true,"href":"https:\/\/www.radioamigavallenar.cl\/index.php?rest_route=%2Fwp%2Fv2%2Fcategories&post=34938"},{"taxonomy":"post_tag","embeddable":true,"href":"https:\/\/www.radioamigavallenar.cl\/index.php?rest_route=%2Fwp%2Fv2%2Ftags&post=34938"}],"curies":[{"name":"wp","href":"https:\/\/api.w.org\/{rel}","templated":true}]}}