{"id":34935,"date":"2021-01-20T07:43:30","date_gmt":"2021-01-20T10:43:30","guid":{"rendered":"https:\/\/www.radioamigavallenar.cl\/?p=34935"},"modified":"2021-01-20T07:43:30","modified_gmt":"2021-01-20T10:43:30","slug":"vacunan-contra-el-covid-19-a-funcionarios-de-la-red-sename-en-atacama","status":"publish","type":"post","link":"https:\/\/www.radioamigavallenar.cl\/?p=34935","title":{"rendered":"Vacunan contra el Covid-19 a funcionarios de la Red Sename en Atacama"},"content":{"rendered":"<div class=\"mvp-post-soc-wrap left relative\">\n<p><strong>Con la presencia de la Directora Nacional de Sename se dio el vamos a la campa\u00f1a que prioriza a funcionarios de los centros residenciales y a los usuarios mayores de 16 a\u00f1os atendidos por el organismo.<\/strong><\/p>\n<\/div>\n<div class=\"mvp-post-soc-in\">\n<div id=\"mvp-content-body\" class=\"left relative\">\n<div id=\"mvp-content-body-top\" class=\"left relative\">\n<div id=\"mvp-content-main\" class=\"left relative\">\n<p>Los j\u00f3venes que cumplen condena o que est\u00e1n cumpliendo medida cautelar en el Centro de Internaci\u00f3n Provisoria (CIP) y el Centro de R\u00e9gimen Cerrado (CRC) de Copiap\u00f3, formaron parte de uno de los grupos objetivos, priorizados por el Ministerio de Salud, para el proceso de vacunaci\u00f3n contra el Covid-19.<\/p>\n<p>El operativo de inoculaci\u00f3n, que tambi\u00e9n incluy\u00f3 a las y los trabajadores que se desempe\u00f1an en el recinto, cont\u00f3 con la presencia de la Directora Nacional del Sename, Rosario Mart\u00ednez, quien est\u00e1 acompa\u00f1ando parte del proceso para supervisar el desarrollo de la vacunaci\u00f3n en los centros de administraci\u00f3n directa del servicio y de organismos colaboradores\u00a0 acreditados.<\/p>\n<p>Rosario Mart\u00ednez, manifest\u00f3 su satisfacci\u00f3n por estar avanzando en esta campa\u00f1a de vacunaci\u00f3n en la red Sename \u201cdonde no s\u00f3lo estamos vacunando a trabajadores, si no que tambi\u00e9n a los j\u00f3venes que voluntariamente se adhirieron a esta iniciativa sanitaria. Esta es una demostraci\u00f3n m\u00e1s de que el cuidado, la protecci\u00f3n y la salud de nuestros ni\u00f1os, ni\u00f1as y adolescentes son nuestra prioridad como gobierno y por lo tanto los ponemos primeros en la fila\u201d, se\u00f1al\u00f3 la directora.<\/p>\n<p>En esta oportunidad, se inocul\u00f3 a los primeros funcionarios\/as y adolescentes de la red Sename en Atacama, tras la llegada de las dosis de la vacuna Pfizer BioNTech a la regi\u00f3n, este lunes. En total, cerca de 40 personas recibieron, de forma voluntaria, el medicamento.<\/p>\n<p>En los pr\u00f3ximos d\u00edas, personal de la Seremi de Salud local se trasladar\u00e1 hasta las residencias de protecci\u00f3n ubicadas en Cha\u00f1aral, Vallenar y Freirina, con el prop\u00f3sito de vacunar tambi\u00e9n a adolescentes que cumplan con la edad requerida y tambi\u00e9n al equipo t\u00e9cnico y profesional de cada recinto.<\/p>\n<p>Junto a la directora nacional, tambi\u00e9n estuvo presente el intendente, Patricio Urquieta; el seremi de Salud, Bast\u00edan Hermosilla, la seremi de Justicia y Derechos Humanos, Margarita Contreras, y como anfitriones de la actividad la directora de Sename Atacama, Carolina Cort\u00e9s, y el director del CIP-CRC, Franco Castillo.<\/p>\n<p>\u201cEstamos hoy d\u00eda cumpliendo con otro paso m\u00e1s en el proceso de vacunaci\u00f3n que iniciamos en Atacama. Fundamentalmente visitando una de las residencias que tenemos en la regi\u00f3n, donde hay funcionarios e internos que van a ser destinatarios de esta vacuna que va a alcanzar a m\u00e1s de 40 personas que van a recibir la dosis contra el Covid-19\u201d, coment\u00f3 el la m\u00e1xima autoridad regional, quien agreg\u00f3 que esto se trata de un esfuerzo que est\u00e1 haciendo el Gobierno frente al proceso tan dif\u00edcil que se experimenta en el pa\u00eds.<\/p>\n<p>Cabe destacar que Atacama es una de las primeras regiones en vacunar a los adolescentes que permanecen en centros residenciales de la red Sename -tanto de las \u00e1reas de protecci\u00f3n como de Justicia Juvenil- y a los funcionarios y funcionarias que trabajan directamente con estos usuarios y usuarias, quienes deber\u00e1n recibir la segunda dosis en 21 d\u00edas m\u00e1s.<\/p>\n<p>Asimismo, para este procedimiento fueron priorizadas las regiones de Arica y Parinacota, Antofagasta, Coquimbo, O\u2019Higgins, \u00d1uble y Ays\u00e9n. Se estima que, una vez culminada la vacunaci\u00f3n en los recintos de la red Sename de todo el pa\u00eds, ser\u00e1n m\u00e1s de 2 mil los adolescentes vacunados en m\u00e1s de 200 residencias y centros privativos de libertad, mientras que se proyecta que cerca de 9 mil trabajadores de Sename y organismos colaboradores tendr\u00e1n acceso gratuito y oportuno a esta hist\u00f3rica inmunizaci\u00f3n.<\/p>\n<\/div>\n<\/div>\n<\/div>\n<\/div>\n","protected":false},"excerpt":{"rendered":"<p>Con la presencia de la Directora Nacional de Sename se dio el vamos a la campa\u00f1a que prioriza a funcionarios de los centros residenciales y&hellip; <\/p>\n","protected":false},"author":2,"featured_media":0,"comment_status":"open","ping_status":"closed","sticky":false,"template":"","format":"standard","meta":{"footnotes":""},"categories":[38],"tags":[],"class_list":["post-34935","post","type-post","status-publish","format-standard","hentry","category-portada-regional"],"_links":{"self":[{"href":"https:\/\/www.radioamigavallenar.cl\/index.php?rest_route=\/wp\/v2\/posts\/34935","targetHints":{"allow":["GET"]}}],"collection":[{"href":"https:\/\/www.radioamigavallenar.cl\/index.php?rest_route=\/wp\/v2\/posts"}],"about":[{"href":"https:\/\/www.radioamigavallenar.cl\/index.php?rest_route=\/wp\/v2\/types\/post"}],"author":[{"embeddable":true,"href":"https:\/\/www.radioamigavallenar.cl\/index.php?rest_route=\/wp\/v2\/users\/2"}],"replies":[{"embeddable":true,"href":"https:\/\/www.radioamigavallenar.cl\/index.php?rest_route=%2Fwp%2Fv2%2Fcomments&post=34935"}],"version-history":[{"count":1,"href":"https:\/\/www.radioamigavallenar.cl\/index.php?rest_route=\/wp\/v2\/posts\/34935\/revisions"}],"predecessor-version":[{"id":34937,"href":"https:\/\/www.radioamigavallenar.cl\/index.php?rest_route=\/wp\/v2\/posts\/34935\/revisions\/34937"}],"wp:attachment":[{"href":"https:\/\/www.radioamigavallenar.cl\/index.php?rest_route=%2Fwp%2Fv2%2Fmedia&parent=34935"}],"wp:term":[{"taxonomy":"category","embeddable":true,"href":"https:\/\/www.radioamigavallenar.cl\/index.php?rest_route=%2Fwp%2Fv2%2Fcategories&post=34935"},{"taxonomy":"post_tag","embeddable":true,"href":"https:\/\/www.radioamigavallenar.cl\/index.php?rest_route=%2Fwp%2Fv2%2Ftags&post=34935"}],"curies":[{"name":"wp","href":"https:\/\/api.w.org\/{rel}","templated":true}]}}