{"id":34932,"date":"2021-01-20T07:42:03","date_gmt":"2021-01-20T10:42:03","guid":{"rendered":"https:\/\/www.radioamigavallenar.cl\/?p=34932"},"modified":"2021-01-20T07:42:03","modified_gmt":"2021-01-20T10:42:03","slug":"autoridades-realizaron-importante-llamado-a-la-comunidad-cuidar-y-proteger-nuestro-medio-ambiente-y-respetar-las-indicaciones-sanitarias-por-un-verano-responsable-y-seguro","status":"publish","type":"post","link":"https:\/\/www.radioamigavallenar.cl\/?p=34932","title":{"rendered":"Autoridades realizaron importante llamado a la comunidad; Cuidar y proteger nuestro medio ambiente y respetar las indicaciones sanitarias por un verano responsable y seguro."},"content":{"rendered":"<p>La implementaci\u00f3n de una serie de medidas destinadas a cautelar y proteger, el santuario de la naturaleza del Humedal de Carrizal Bajo, en la comuna de Huasco han impulsado las autoridades, encabezadas por la Gobernadora\u00a0 de la provincia Nelly Galeb Bou, quien junto al seremi de Medio Ambiente, Guillermo Ready y el Director Regional de Sernatur, Alejandro Martin, reiteraron el llamado a la poblaci\u00f3n a respetar y proteger el medio ambiente y el respeto a los protocolos sanitarios implementados\u00a0 debido a la pandemia que nos afecta.<\/p>\n<p>Por estos d\u00edas se espera, \u00a0con el apoyo del municipio de Huasco proceder a la instalaci\u00f3n de se\u00f1al\u00e9ticas que marcan\u00a0 las indicaciones de prohibici\u00f3n y resguardo del humedal de Carrizal Bajo, del mismo modo se establecer\u00e1n las coordinaciones respectivas con Carabineros y la Armada para el control y fiscalizaci\u00f3n del sector y en toda la zona costera de la comuna de Huasco.<\/p>\n<p>Al respecto la Gobernadora Nelly Galeb reiter\u00f3 en el llamado a la poblaci\u00f3n \u201cQuiero hacer un llamado a todos quienes concurren y visitan peri\u00f3dicamente este sector que lo hagan con precauci\u00f3n con mucho cuidado y respetando las indicaciones y los protocolos sanitarios, esperamos establecer las coordinaciones que sean necesarias con el objeto contar con el apoyo en la inspecci\u00f3n y fiscalizaci\u00f3n del lugar, para ello importante la labor que realizan Carabineros y la Armada\u201d.<\/p>\n<p>Por su parte el Seremi de Medio ambiente, Guillermo Ready quien en la semana reci\u00e9n pasada visito el lugar junto a la Gobernadora de la Provincia y al Director Regional de Sernatur, se\u00f1al\u00f3 \u201cImportante destacar que el Humedal de Carrizal Bajo fue declarado Santuario de la Naturaleza, el a\u00f1o pasado y estamos trabajando actualmente en el plan de manejo que esperamos tener listo ya este a\u00f1o, por tanto hago un llamado a todos los turistas y veraneantes que llegan al lugar a respetar las indicaciones de la autoridad en este sentido, a no dejar basuras que todos los desperdicios que se produzcan que se lo lleven y los boten en los basureros autorizados a no ingresar en veh\u00edculo a la zona de playa y si concurren con mascotas tener el control sobre ellas\u201d.<\/p>\n<p>Alejandro Mart\u00edn, Director Regional de Sernatur agreg\u00f3 \u201chemos concurrido al lugar acogiendo el llamado que nos han hecho los dirigentes de la localidad por tanto el llamado es a contribuir entre todos en la necesidad de tener un verano responsable, estamos frente a un escenario bastante complejo y depende de todos nosotros poder llevarlo adelante para que el turismo se vaya recuperando paso a paso y gradualmente como todos queremos pero siempre de manera segura, no nos podemos olvidar que la seguridad y la salud de las personas\u00a0 esta siempre primero, este es un llamado no solo a quienes vienen a Carrizal Bajo sino que a todos quienes visitan el borde costero, a tener un verano responsable y seguro\u201d.<\/p>\n<p>Finalmente el Presidente de la Junta de Vecinos de la localidad, Hugo P\u00e9rez Urbina quien manifest\u00f3 su preocupaci\u00f3n y la de su comunidad por estos acontecimientos indic\u00f3 \u201cHemos tenido mucha gente en nuestra localidad, hemos manifestado nuestra preocupaci\u00f3n por una serie de irregularidades en medio de esta pandemia con la realizaci\u00f3n de fiestas nocturnas, desordenes, basura, el no respetar las medidas de prohibici\u00f3n que resguardan nuestro humedal, frente a ello es que nos hemos acercado hasta la autoridad con el objeto de fortalecer un mensaje claro y directo adem\u00e1s de la implementaci\u00f3n de medidas que permitan proteger la salud de los habitantes\u00a0 y de quienes nos visitan y con ello tambi\u00e9n resguardar el cuidado y protecci\u00f3n de este Santuario de la Naturaleza que tenemos\u201d.<\/p>\n<p>Este Santuario tiene la categor\u00eda de \u00e1rea protegida oficial y alberga un importante n\u00famero de especies de flora, adem\u00e1s de proporcionar una gran diversidad de alimento, refugio y descanso para la fauna que habita el lugar.<\/p>\n","protected":false},"excerpt":{"rendered":"<p>La implementaci\u00f3n de una serie de medidas destinadas a cautelar y proteger, el santuario de la naturaleza del Humedal de Carrizal Bajo, en la comuna&hellip; <\/p>\n","protected":false},"author":2,"featured_media":0,"comment_status":"open","ping_status":"closed","sticky":false,"template":"","format":"standard","meta":{"footnotes":""},"categories":[7],"tags":[],"class_list":["post-34932","post","type-post","status-publish","format-standard","hentry","category-atacama"],"_links":{"self":[{"href":"https:\/\/www.radioamigavallenar.cl\/index.php?rest_route=\/wp\/v2\/posts\/34932","targetHints":{"allow":["GET"]}}],"collection":[{"href":"https:\/\/www.radioamigavallenar.cl\/index.php?rest_route=\/wp\/v2\/posts"}],"about":[{"href":"https:\/\/www.radioamigavallenar.cl\/index.php?rest_route=\/wp\/v2\/types\/post"}],"author":[{"embeddable":true,"href":"https:\/\/www.radioamigavallenar.cl\/index.php?rest_route=\/wp\/v2\/users\/2"}],"replies":[{"embeddable":true,"href":"https:\/\/www.radioamigavallenar.cl\/index.php?rest_route=%2Fwp%2Fv2%2Fcomments&post=34932"}],"version-history":[{"count":1,"href":"https:\/\/www.radioamigavallenar.cl\/index.php?rest_route=\/wp\/v2\/posts\/34932\/revisions"}],"predecessor-version":[{"id":34934,"href":"https:\/\/www.radioamigavallenar.cl\/index.php?rest_route=\/wp\/v2\/posts\/34932\/revisions\/34934"}],"wp:attachment":[{"href":"https:\/\/www.radioamigavallenar.cl\/index.php?rest_route=%2Fwp%2Fv2%2Fmedia&parent=34932"}],"wp:term":[{"taxonomy":"category","embeddable":true,"href":"https:\/\/www.radioamigavallenar.cl\/index.php?rest_route=%2Fwp%2Fv2%2Fcategories&post=34932"},{"taxonomy":"post_tag","embeddable":true,"href":"https:\/\/www.radioamigavallenar.cl\/index.php?rest_route=%2Fwp%2Fv2%2Ftags&post=34932"}],"curies":[{"name":"wp","href":"https:\/\/api.w.org\/{rel}","templated":true}]}}