{"id":34929,"date":"2021-01-20T07:40:41","date_gmt":"2021-01-20T10:40:41","guid":{"rendered":"https:\/\/www.radioamigavallenar.cl\/?p=34929"},"modified":"2021-01-20T07:40:41","modified_gmt":"2021-01-20T10:40:41","slug":"entregan-kits-sanitarios-a-comerciantes-de-vallenar-autoridades-reiteran-llamado-al-autocuidad-y-la-responxsabilidad-de-todos","status":"publish","type":"post","link":"https:\/\/www.radioamigavallenar.cl\/?p=34929","title":{"rendered":"Entregan kits sanitarios a comerciantes de Vallenar Autoridades reiteran llamado al autocuidad y la responxsabilidad de todos."},"content":{"rendered":"<p>Una nueva actividad de promoci\u00f3n respecto de las indicaciones sanitarias y protocolos que se deben cumplir debido a la pandemia por Coronavirus que nos afecta, desarrollaron este martes en Vallenar, autoridades de Gobierno encabezadas por la Gobernadora de la Provincia del Huasco, Nelly Galeb Bou.<\/p>\n<p>En esta ocasi\u00f3n y acompa\u00f1ada por el Seremi de Econom\u00eda, Manuel Nanjar\u00ed y los directores regionales de Sercotec, Natalia Bravo y Sernatur, Alejandro Mart\u00edn, realizaron una visita al sector comercial de Galer\u00eda Bavaria, en la ciudad de Vallenar con el objeto de fortalecer el llamado a la poblaci\u00f3n de la importancia en el cumplimiento de los protocolos sanitarios, del mismo modo hacer entrega de kits de sanitizaci\u00f3n que incluyen mascarilla, lavamanos port\u00e1tiles, dispensadores de alchol gel, pizarra palometa y escudos faciales.Entrega que se esta llevando a cabo en las provincias del Huasco, Copiap\u00f3 y Cha\u00f1aral.<\/p>\n<p>\u00abSin duda que esto es una ayuda importante para el sector comercio quienes han hecho un gran esfuerzo por reemprender y mantener vigente sus emprendimientos contribuyendo con una reactivaci\u00f3n econ\u00f3mica responsable, segura y efectiva, considerando adem\u00e1s una especial atenci\u00f3n en el cuidado y protecci\u00f3n de la poblaci\u00f3n y de sus trabajadores\u00bb, indic\u00f3 la Gobernadora.<\/p>\n","protected":false},"excerpt":{"rendered":"<p>Una nueva actividad de promoci\u00f3n respecto de las indicaciones sanitarias y protocolos que se deben cumplir debido a la pandemia por Coronavirus que nos afecta,&hellip; <\/p>\n","protected":false},"author":2,"featured_media":0,"comment_status":"open","ping_status":"closed","sticky":false,"template":"","format":"standard","meta":{"footnotes":""},"categories":[7],"tags":[],"class_list":["post-34929","post","type-post","status-publish","format-standard","hentry","category-atacama"],"_links":{"self":[{"href":"https:\/\/www.radioamigavallenar.cl\/index.php?rest_route=\/wp\/v2\/posts\/34929","targetHints":{"allow":["GET"]}}],"collection":[{"href":"https:\/\/www.radioamigavallenar.cl\/index.php?rest_route=\/wp\/v2\/posts"}],"about":[{"href":"https:\/\/www.radioamigavallenar.cl\/index.php?rest_route=\/wp\/v2\/types\/post"}],"author":[{"embeddable":true,"href":"https:\/\/www.radioamigavallenar.cl\/index.php?rest_route=\/wp\/v2\/users\/2"}],"replies":[{"embeddable":true,"href":"https:\/\/www.radioamigavallenar.cl\/index.php?rest_route=%2Fwp%2Fv2%2Fcomments&post=34929"}],"version-history":[{"count":1,"href":"https:\/\/www.radioamigavallenar.cl\/index.php?rest_route=\/wp\/v2\/posts\/34929\/revisions"}],"predecessor-version":[{"id":34931,"href":"https:\/\/www.radioamigavallenar.cl\/index.php?rest_route=\/wp\/v2\/posts\/34929\/revisions\/34931"}],"wp:attachment":[{"href":"https:\/\/www.radioamigavallenar.cl\/index.php?rest_route=%2Fwp%2Fv2%2Fmedia&parent=34929"}],"wp:term":[{"taxonomy":"category","embeddable":true,"href":"https:\/\/www.radioamigavallenar.cl\/index.php?rest_route=%2Fwp%2Fv2%2Fcategories&post=34929"},{"taxonomy":"post_tag","embeddable":true,"href":"https:\/\/www.radioamigavallenar.cl\/index.php?rest_route=%2Fwp%2Fv2%2Ftags&post=34929"}],"curies":[{"name":"wp","href":"https:\/\/api.w.org\/{rel}","templated":true}]}}