{"id":34926,"date":"2021-01-20T06:00:04","date_gmt":"2021-01-20T09:00:04","guid":{"rendered":"https:\/\/www.radioamigavallenar.cl\/?p=34926"},"modified":"2021-01-19T21:01:02","modified_gmt":"2021-01-20T00:01:02","slug":"dan-a-conocer-detalles-de-nuevo-proyecto-de-generacion-de-energia-en-freirina","status":"publish","type":"post","link":"https:\/\/www.radioamigavallenar.cl\/?p=34926","title":{"rendered":"Dan a conocer detalles de nuevo proyecto de generaci\u00f3n de energ\u00eda en Freirina"},"content":{"rendered":"<p><strong>Una nueva central de respaldo al Sistema Interconectado Central ubicado en Maitencillo pretende inyectar 68 megawatts con una inversi\u00f3n cercana a los 40 millones de d\u00f3lares.<\/strong><\/p>\n<p style=\"font-weight: 400;\">Una importante reuni\u00f3n informativa sostuvo el Alcalde Cesar Orellana con la empresa el\u00e9ctrica de EMELVA, para conocer en detalle el proyecto que se traduce en una central de respaldo al sistema el\u00e9ctrico nacional en el sector de Maitencillo, cuya potencia instalada ser\u00e1 de 68,4 MW, operando con diesel como combustible y requiriendo una inversi\u00f3n de US 40 millones de d\u00f3lares.<\/p>\n<p style=\"font-weight: 400;\">Al respecto el Alcalde indic\u00f3 que estas son obras que proveer\u00e1n de energ\u00eda al Sistema Interconectado Central (SIC) ante situaciones de emergencia, que vienen a dar respuesta a una demanda nacional, pero que deber\u00eda tener mucho provecho para las comunidades locales, \u00abcuando vemos que la empresa est\u00e1 dispuesta a asumir compromisos en acciones que beneficien a los vecinos del sector\u00bb.<\/p>\n<p style=\"font-weight: 400;\">Una de las preocupaciones de la actual administraci\u00f3n es que las empresas que llegan a la zona hagan efectivo la contrataci\u00f3n de mano de obra local, en ese sentido, el Alcalde Orellana coment\u00f3 que \u201cle hemos manifestado a la gerencia de la empresa que una de las cosas que siempre esperamos es que nuestra gente tenga la primera opci\u00f3n para ser contratada, pero adem\u00e1s que los servicios adosados a este proyecto tambi\u00e9n sean de Freirina\u201d coment\u00f3 el Alcalde.<\/p>\n<p style=\"font-weight: 400;\">Esta iniciativa inyectar\u00e1 energ\u00eda al Sistema Interconectado Central \u2013SIC-,\u00a0 mediante la instalaci\u00f3n y operaci\u00f3n de 38 motogeneradores \u201cCummins\u201d modelo C2250D5, que alcanzar\u00e1n la potencia descrita anteriormente, obras que estar\u00e1n emplazadas en la localidad de Maitencillo, que adem\u00e1s de abastecer de energ\u00eda a Transelec, se espera que la operatividad tambi\u00e9n alcance para algunas firmas locales.<\/p>\n<p style=\"font-weight: 400;\">Cabe destacar que la central se conectar\u00e1 a la subestaci\u00f3n el\u00e9ctrica Maitencillo perteneciente a Transelec, para lo que la iniciativa tambi\u00e9n considera la instalaci\u00f3n de una l\u00ednea de transmisi\u00f3n el\u00e9ctrica de 110 kV, en una extensi\u00f3n de 2,5 kil\u00f3metros de longitud.<\/p>\n","protected":false},"excerpt":{"rendered":"<p>Una nueva central de respaldo al Sistema Interconectado Central ubicado en Maitencillo pretende inyectar 68 megawatts con una inversi\u00f3n cercana a los 40 millones de&hellip; <\/p>\n","protected":false},"author":2,"featured_media":0,"comment_status":"open","ping_status":"closed","sticky":false,"template":"","format":"standard","meta":{"footnotes":""},"categories":[7],"tags":[],"class_list":["post-34926","post","type-post","status-publish","format-standard","hentry","category-atacama"],"_links":{"self":[{"href":"https:\/\/www.radioamigavallenar.cl\/index.php?rest_route=\/wp\/v2\/posts\/34926","targetHints":{"allow":["GET"]}}],"collection":[{"href":"https:\/\/www.radioamigavallenar.cl\/index.php?rest_route=\/wp\/v2\/posts"}],"about":[{"href":"https:\/\/www.radioamigavallenar.cl\/index.php?rest_route=\/wp\/v2\/types\/post"}],"author":[{"embeddable":true,"href":"https:\/\/www.radioamigavallenar.cl\/index.php?rest_route=\/wp\/v2\/users\/2"}],"replies":[{"embeddable":true,"href":"https:\/\/www.radioamigavallenar.cl\/index.php?rest_route=%2Fwp%2Fv2%2Fcomments&post=34926"}],"version-history":[{"count":1,"href":"https:\/\/www.radioamigavallenar.cl\/index.php?rest_route=\/wp\/v2\/posts\/34926\/revisions"}],"predecessor-version":[{"id":34928,"href":"https:\/\/www.radioamigavallenar.cl\/index.php?rest_route=\/wp\/v2\/posts\/34926\/revisions\/34928"}],"wp:attachment":[{"href":"https:\/\/www.radioamigavallenar.cl\/index.php?rest_route=%2Fwp%2Fv2%2Fmedia&parent=34926"}],"wp:term":[{"taxonomy":"category","embeddable":true,"href":"https:\/\/www.radioamigavallenar.cl\/index.php?rest_route=%2Fwp%2Fv2%2Fcategories&post=34926"},{"taxonomy":"post_tag","embeddable":true,"href":"https:\/\/www.radioamigavallenar.cl\/index.php?rest_route=%2Fwp%2Fv2%2Ftags&post=34926"}],"curies":[{"name":"wp","href":"https:\/\/api.w.org\/{rel}","templated":true}]}}