{"id":34920,"date":"2021-01-20T06:00:59","date_gmt":"2021-01-20T09:00:59","guid":{"rendered":"https:\/\/www.radioamigavallenar.cl\/?p=34920"},"modified":"2021-01-19T20:57:45","modified_gmt":"2021-01-19T23:57:45","slug":"microempresarias-y-emprendedoras-de-la-provincia-de-chanaral-reciben-subsidio-corfo","status":"publish","type":"post","link":"https:\/\/www.radioamigavallenar.cl\/?p=34920","title":{"rendered":"Microempresarias y emprendedoras de la Provincia de Cha\u00f1aral reciben subsidio Corfo"},"content":{"rendered":"<p><strong>28 son las empresas lideradas por mujeres de la Provincia de Cha\u00f1aral beneficiadas con el Programa de Apoyo a la Reactivaci\u00f3n (PAR) Mujeres<\/strong><\/p>\n<p>&nbsp;<\/p>\n<p>Las convocatorias del Programa de Apoyo a la Reactivaci\u00f3n (PAR) Mujeres de Corfo se realizaron por provincia, es por ello, que ahora fue el turno de reconocer a 28 microempresarias y emprendedoras de la Provincia de Cha\u00f1aral, quienes fueron seleccionadas para acceder a un subsidio no reembolsable de hasta 2 millones y medio de pesos. Esta convocatoria fue dirigida a empresas lideradas por mujeres y benefici\u00f3 a un total 120 empresarias de toda la regi\u00f3n.<\/p>\n<p>El Programa de Apoyo a la Reactivaci\u00f3n (PAR) es una iniciativa impulsada por Corfo en conjunto con el Ministerio de Econom\u00eda y el Gobierno Regional y durante el 2020 benefici\u00f3 a 574 micro y peque\u00f1as empresas de la Regi\u00f3n de Atacama. Al respecto, el seremi de Econom\u00eda, Fomento y Turismo, Manuel Nanjar\u00ed, declar\u00f3 que \u201cestamos muy contentos por la cantidad de beneficiarios que tuvimos con los programas de Corfo. Sin duda, ha sido un tremendo aporte para cada uno de los emprendedores afectados, pero ahora nos queda un largo camino por recorrer. Vamos a seguir comprometiendo esfuerzos, no tan solo sectoriales, sino que tambi\u00e9n seguiremos luchando por recursos regionales y vamos a seguir trabajando muy unidos con el Gobierno Regional, Corfo, Sercotec y el CORE con el fin de seguir brindando oportunidades de crecer a los emprendedores de Atacama\u201d.<\/p>\n<p>El objetivo del PAR Mujeres de Corfo es apoyar a micro y peque\u00f1as empresas lideradas por mujeres en la reactivaci\u00f3n de sus actividades econ\u00f3micas o en el inicio de una distinta, recuperando y mejorando su potencial productivo y su gesti\u00f3n, en el marco de la coyuntura social, econ\u00f3mica y sanitaria, a trav\u00e9s del otorgamiento de financiamiento para planes de trabajo, inversi\u00f3n y\/o capital de trabajo.<\/p>\n<p style=\"text-align: center;\"><strong>Recursos FNDR<\/strong><\/p>\n<p>&nbsp;<\/p>\n<p>Cabe destacar, que este programa es desarrollado con aportes del Fondo Nacional de Desarrollo Regional (FNDR) del Gobierno Regional, aprobados por el CORE Atacama. Al respecto, la directora regional de Corfo Atacama, Silvia Zuleta, se\u00f1al\u00f3 que \u201cgracias a los recursos del Gobierno Regional aprobados por el CORE, pusimos en marcha el Programa de Apoyo a la Reactivaci\u00f3n (PAR) Impulsa, a trav\u00e9s del cual hemos beneficiado a 574 micro y peque\u00f1as empresas. Es importante destacar que estos beneficiarios provienen de todas las comunas de la regi\u00f3n y adem\u00e1s se suman 120 empresas lideradas por mujeres, en cuatro convocatorias especiales con enfoque de g\u00e9nero. Hoy hemos reconocido el esfuerzo y el empuje de estas 28 mujeres de la Provincia de Cha\u00f1aral y, estamos seguros, que estos recursos les permitir\u00e1n salir adelante, aportar a la reactivaci\u00f3n de nuestra regi\u00f3n y a la generaci\u00f3n de m\u00e1s empleos\u201d.<\/p>\n<p>En esa misma l\u00ednea, la Presidenta del CORE, consejera Ruth Vega, expres\u00f3 que \u201cnosotros como Consejo estamos muy contentos y satisfechos de estos tres proyectos, en especial de este \u00faltimo con enfoque de g\u00e9nero, sobre todo, por el impacto territorial, en el sentido de que el llamado fue por provincia. De esta manera hay mayor equidad territorial y mayor equidad en la entrega de beneficios para las personas. Adem\u00e1s, el foco de mujer me parece muy importante porque significa apoyo para la empresa, m\u00e1s trabajo para otras personas y para su familia. Muchas veces se transforma en un negocio familiar y en muchos casos se detiene la transmisi\u00f3n de la pobreza y de la vulnerabilidad\u201d.<\/p>\n<p style=\"text-align: center;\"><strong>Beneficiarias<\/strong><\/p>\n<p>Una de las beneficiadas con este subsidio es Blanca Villalobos, due\u00f1a de una tienda de ropa ubicada en Cha\u00f1aral que cuenta con m\u00e1s de 32 a\u00f1os de vida y que administra junto a sus hijos. \u201cRecibir este apoyo me llena de orgullo a mi edad, porque voy para los 70 a\u00f1os, y esto me ayuda mucho porque hay cosas que yo no pod\u00eda comprar con mis ganancias. Para m\u00ed fue una gran ayuda que agradezco much\u00edsimo\u201d, se\u00f1al\u00f3 la beneficiaria.<\/p>\n<p>Tambi\u00e9n fue el caso de Carmen Arredondo del Hotel Nuria de Cha\u00f1aral, quien para el aluvi\u00f3n del 2015 sufri\u00f3 importantes p\u00e9rdidas. \u201cEste beneficio ha sido un gran aporte porque con esto puedo levantar dos habitaciones m\u00e1s y as\u00ed seguir creciendo y darle auge a mi negocio\u201d, indic\u00f3 la emprendedora.<\/p>\n","protected":false},"excerpt":{"rendered":"<p>28 son las empresas lideradas por mujeres de la Provincia de Cha\u00f1aral beneficiadas con el Programa de Apoyo a la Reactivaci\u00f3n (PAR) Mujeres &nbsp; Las&hellip; <\/p>\n","protected":false},"author":2,"featured_media":0,"comment_status":"open","ping_status":"closed","sticky":false,"template":"","format":"standard","meta":{"footnotes":""},"categories":[7],"tags":[],"class_list":["post-34920","post","type-post","status-publish","format-standard","hentry","category-atacama"],"_links":{"self":[{"href":"https:\/\/www.radioamigavallenar.cl\/index.php?rest_route=\/wp\/v2\/posts\/34920","targetHints":{"allow":["GET"]}}],"collection":[{"href":"https:\/\/www.radioamigavallenar.cl\/index.php?rest_route=\/wp\/v2\/posts"}],"about":[{"href":"https:\/\/www.radioamigavallenar.cl\/index.php?rest_route=\/wp\/v2\/types\/post"}],"author":[{"embeddable":true,"href":"https:\/\/www.radioamigavallenar.cl\/index.php?rest_route=\/wp\/v2\/users\/2"}],"replies":[{"embeddable":true,"href":"https:\/\/www.radioamigavallenar.cl\/index.php?rest_route=%2Fwp%2Fv2%2Fcomments&post=34920"}],"version-history":[{"count":1,"href":"https:\/\/www.radioamigavallenar.cl\/index.php?rest_route=\/wp\/v2\/posts\/34920\/revisions"}],"predecessor-version":[{"id":34922,"href":"https:\/\/www.radioamigavallenar.cl\/index.php?rest_route=\/wp\/v2\/posts\/34920\/revisions\/34922"}],"wp:attachment":[{"href":"https:\/\/www.radioamigavallenar.cl\/index.php?rest_route=%2Fwp%2Fv2%2Fmedia&parent=34920"}],"wp:term":[{"taxonomy":"category","embeddable":true,"href":"https:\/\/www.radioamigavallenar.cl\/index.php?rest_route=%2Fwp%2Fv2%2Fcategories&post=34920"},{"taxonomy":"post_tag","embeddable":true,"href":"https:\/\/www.radioamigavallenar.cl\/index.php?rest_route=%2Fwp%2Fv2%2Ftags&post=34920"}],"curies":[{"name":"wp","href":"https:\/\/api.w.org\/{rel}","templated":true}]}}