{"id":34918,"date":"2021-01-20T06:00:07","date_gmt":"2021-01-20T09:00:07","guid":{"rendered":"https:\/\/www.radioamigavallenar.cl\/?p=34918"},"modified":"2021-01-19T20:56:49","modified_gmt":"2021-01-19T23:56:49","slug":"diputada-cid-presenta-proyecto-para-proteger-a-las-pymes-en-su-rol-de-proveedores-a-contratistas-o-subcontratistas","status":"publish","type":"post","link":"https:\/\/www.radioamigavallenar.cl\/?p=34918","title":{"rendered":"Diputada Cid presenta proyecto para proteger a las Pymes en su rol de proveedores a contratistas o subcontratistas"},"content":{"rendered":"<p>La iniciativa, que cont\u00f3 con el apoyo de otros parlamentarios oficialistas y de oposici\u00f3n, permite que entidades de mayor envergadura que realicen estos contratos sean solidariamente responsables de las obligaciones de las m\u00e1s peque\u00f1as, en caso de que se demoren los pagos.<span id=\"more-234438\"><\/span><\/p>\n<p>&nbsp;<\/p>\n<p>La diputada de Renovaci\u00f3n Nacional Sof\u00eda Cid, present\u00f3 un proyecto que busca modificar la Ley N\u00ba 20.416 -que fija normas especiales para las empresas de menor tama\u00f1o\u201d-, con el fin de introducir\u00a0\u00a0 reglas de protecci\u00f3n a las Pymes en su rol de proveedores de empresas contratistas o subcontratistas durante la ejecuci\u00f3n de un proyecto, obra o faena.<\/p>\n<p>La iniciativa considera establecer que si durante la ejecuci\u00f3n de una obra o proyecto, la empresa contratista o subcontratista no acredita oportunamente el pago de los bienes entregados o por los servicios de la micro, peque\u00f1a y mediana empresa proveedora, la entidad principal ser\u00e1 solidariamente responsable de esas obligaciones.<\/p>\n<p>\u201cNo puede seguir pasando en nuestro pa\u00eds y mucho menos en Atacama, ya que se causa un da\u00f1o irreparable en aquellas Pymes encargadas de proveer bienes y servicios espec\u00edficos, dejando de percibir ingresos establecidos, y que muchas veces no pueden pagar las remuneraciones a sus propios trabajadores\u201d, sostuvo la parlamentaria.<\/p>\n<p>La presentaci\u00f3n se realiz\u00f3 junto a sus pares RN Bernardo Berger, Jos\u00e9 Miguel Castro, Catalina del Real, Camila Flores, Ram\u00f3n Galleguillos, Harry J\u00fcrgensen y Miguel Mellado, a quienes se sumaron los legisladores de oposici\u00f3n Alejandro Bernales (PL) y Jaime Naranjo (PS).<\/p>\n<p>Asimismo, la parlamentaria RN por la Regi\u00f3n de Atacama expres\u00f3 que \u201csi bien es conocido que el Gobierno ha pensado una serie de propuestas y programas destinados a ayudar a los peque\u00f1os emprendedores, especialmente en momentos dif\u00edciles como los que vivimos en el pa\u00eds a causa de la pandemia del Coronavirus, creemos que es vital que aquellos que est\u00e1n trabajando reciban el pago por los bienes y servicios oportunamente y dentro del marco de la buena fe\u201d.<\/p>\n<p>\u201cSin lugar a dudas, esta modificaci\u00f3n a la ley perfeccionar\u00e1 normas especiales para estas empresas de menor tama\u00f1o\u201d, resalt\u00f3 la diputada Cid.<\/p>\n<p style=\"text-align: center;\"><strong>\u201cHay situaciones de desigualdad\u201d<\/strong><\/p>\n<p>Al respecto, el parlamentario Jos\u00e9 Miguel Castro (RN) expres\u00f3 que \u201ces injusto cuando escuchamos hablar de los grandes megaproyectos y sabemos que alguna Pyme ha tenido problemas de pago con alg\u00fan subcontratista grande. Es por eso que el proyecto que present\u00f3 Sof\u00eda Cid y que obviamente firm\u00e9 tiene por finalidad ser un espejo de que, si le va bien a una gran empresa o una transnacional, tambi\u00e9n les vaya bien a aquellas pymes pertenecientes a nuestro territorio, comuna o regi\u00f3n\u201d.<\/p>\n<p>Finalmente, el diputado Jaime Naranjo (PS) afirm\u00f3 que se han tomado ciertas medidas en favor de las peque\u00f1as empresas durante el periodo de la pandemia del Coronavirus, pero no las necesarias. \u201cClaramente hay situaciones de desigualdad entre las Pymes y particularmente quienes son las empresas proveedoras y en ese sentido parece del todo necesario regularizar esta situaci\u00f3n, ya que muchas de ellas no sienten el apoyo, respaldo, ni tampoco se le entregan los recursos econ\u00f3micos por parte de quienes ellas proveen de recursos o medios. Es en este sentido, que este proyecto busca normar y regularizar esta situaci\u00f3n, y hacer corresponsables a estas empresas que est\u00e1n involucradas en esta relaci\u00f3n econ\u00f3mica\u201d, finaliz\u00f3.<\/p>\n","protected":false},"excerpt":{"rendered":"<p>La iniciativa, que cont\u00f3 con el apoyo de otros parlamentarios oficialistas y de oposici\u00f3n, permite que entidades de mayor envergadura que realicen estos contratos sean&hellip; <\/p>\n","protected":false},"author":2,"featured_media":26297,"comment_status":"open","ping_status":"closed","sticky":false,"template":"","format":"standard","meta":{"footnotes":""},"categories":[7],"tags":[],"class_list":["post-34918","post","type-post","status-publish","format-standard","has-post-thumbnail","hentry","category-atacama"],"_links":{"self":[{"href":"https:\/\/www.radioamigavallenar.cl\/index.php?rest_route=\/wp\/v2\/posts\/34918","targetHints":{"allow":["GET"]}}],"collection":[{"href":"https:\/\/www.radioamigavallenar.cl\/index.php?rest_route=\/wp\/v2\/posts"}],"about":[{"href":"https:\/\/www.radioamigavallenar.cl\/index.php?rest_route=\/wp\/v2\/types\/post"}],"author":[{"embeddable":true,"href":"https:\/\/www.radioamigavallenar.cl\/index.php?rest_route=\/wp\/v2\/users\/2"}],"replies":[{"embeddable":true,"href":"https:\/\/www.radioamigavallenar.cl\/index.php?rest_route=%2Fwp%2Fv2%2Fcomments&post=34918"}],"version-history":[{"count":1,"href":"https:\/\/www.radioamigavallenar.cl\/index.php?rest_route=\/wp\/v2\/posts\/34918\/revisions"}],"predecessor-version":[{"id":34919,"href":"https:\/\/www.radioamigavallenar.cl\/index.php?rest_route=\/wp\/v2\/posts\/34918\/revisions\/34919"}],"wp:featuredmedia":[{"embeddable":true,"href":"https:\/\/www.radioamigavallenar.cl\/index.php?rest_route=\/wp\/v2\/media\/26297"}],"wp:attachment":[{"href":"https:\/\/www.radioamigavallenar.cl\/index.php?rest_route=%2Fwp%2Fv2%2Fmedia&parent=34918"}],"wp:term":[{"taxonomy":"category","embeddable":true,"href":"https:\/\/www.radioamigavallenar.cl\/index.php?rest_route=%2Fwp%2Fv2%2Fcategories&post=34918"},{"taxonomy":"post_tag","embeddable":true,"href":"https:\/\/www.radioamigavallenar.cl\/index.php?rest_route=%2Fwp%2Fv2%2Ftags&post=34918"}],"curies":[{"name":"wp","href":"https:\/\/api.w.org\/{rel}","templated":true}]}}