{"id":34909,"date":"2021-01-19T10:40:20","date_gmt":"2021-01-19T13:40:20","guid":{"rendered":"https:\/\/www.radioamigavallenar.cl\/?p=34909"},"modified":"2021-01-19T11:44:14","modified_gmt":"2021-01-19T14:44:14","slug":"condenan-a-exalcaldesa-de-antofagasta-karen-rojo-a-5-anos-de-carcel-efectiva-por-corrupcion","status":"publish","type":"post","link":"https:\/\/www.radioamigavallenar.cl\/?p=34909","title":{"rendered":"Condenan a exalcaldesa de Antofagasta, Karen Rojo, a 5 a\u00f1os de c\u00e1rcel efectiva por corrupci\u00f3n"},"content":{"rendered":"<p>El Tribunal de Juicio Oral en lo Penal de Antofagasta conden\u00f3 a 5 a\u00f1os y 1 d\u00eda de presidio efectivo a la ex alcaldesa de Antofagasta,\u00a0<strong>Karen Rojo, por el delito de fraude al fisco, en el marco del denominado caso Main.<\/strong><\/p>\n<p>Adem\u00e1s de Rojo, tambi\u00e9n fue condenado el exsecretario ejecutivo de la Corporaci\u00f3n Municipal de Antofagasta,\u00a0<strong>Edgardo Vergara, quien recibi\u00f3 una pena de 3 a\u00f1os y 1 d\u00eda de libertad vigilada,<\/strong>\u00a0por lo que podr\u00eda recibir una pena sustitutiva.<br \/>\n<strong><br \/>\nLas condenas a\u00fan son de primera instancia,\u00a0<\/strong>por lo que las defensas de Rojo y Vergara podr\u00edan pedir la nulidad del juicio, para evitar la c\u00e1rcel o al menos alargar el proceso.<\/p>\n<p>Junto a la condena de prisi\u00f3n efectiva contra Rojo,\u00a0<strong>el TOP tambi\u00e9n decret\u00f3 las penas de inhabilitaci\u00f3n absoluta para cargos, empleos u oficios p\u00fablicos por cinco a\u00f1os y un d\u00eda; inhabilitaci\u00f3n absoluta perpetua para derechos pol\u00edticos<\/strong>, inhabilitaci\u00f3n absoluta para profesiones titulares mientras dure la pandemia, y el pago de una multa ascendente al 20% del perjuicio causado, equivalente a poco m\u00e1s de $4 millones.<\/p>\n<p>El juicio inici\u00f3 el pasado 3 de noviembre y cont\u00f3 con m\u00e1s de 100 testigos, siendo hallada culpable a finales de diciembre, finalizando esta etapa con la lectura de sentencia, realizada la tarde de ayer lunes.<\/p>\n<p>El Tribunal tambi\u00e9n descart\u00f3 que Rojo pueda optar a una pena sustitutiva, al no cumplir los requisitos legales para ellos, dictando que<strong>\u00a0\u201cdeber\u00e1 cumplirla efectivamente, contabiliz\u00e1ndose desde que se presente o sea habida, no existiendo abonos que considerar\u201d<\/strong>.<\/p>\n<p>\u201cTOP de Antofagasta condena a 5 a\u00f1os y 1 d\u00eda de presidio efectivo a ex alcaldesa de Antofagasta, Karen Rojo, por el delito de fraude al fisco y a 3 a\u00f1os y 1 d\u00eda de libertad vigilada a ex secretario ejecutivo de Corporaci\u00f3n Municipal, Edgardo Vergara\u201d, inform\u00f3 el Poder Judicial en su cuenta de Twitter.<\/p>\n<p>Rojo fue condenada por el caso Main, donde la Fiscal\u00eda de Antofagasta acusaba a la exalcaldesa de haber contratado una asesor\u00eda de esta empresa \u2014 a cargo de la Corporaci\u00f3n Municipal de Desarrollo Social\u2014, que\u00a0<strong>habr\u00eda tenido como objetivo mejorar la posici\u00f3n de la suspendida alcaldesa para su reelecci\u00f3n.<\/strong><\/p>\n<p>Tras semanas de juicio y la presentaci\u00f3n de testigos, el TOP lleg\u00f3 a la conclusi\u00f3n de que las acusaciones contra Rojo eran ciertas, \u201cm\u00e1s all\u00e1 de toda duda razonable\u201d.<\/p>\n","protected":false},"excerpt":{"rendered":"<p>El Tribunal de Juicio Oral en lo Penal de Antofagasta conden\u00f3 a 5 a\u00f1os y 1 d\u00eda de presidio efectivo a la ex alcaldesa de&hellip; <\/p>\n","protected":false},"author":2,"featured_media":0,"comment_status":"open","ping_status":"closed","sticky":false,"template":"","format":"standard","meta":{"footnotes":""},"categories":[37],"tags":[],"class_list":["post-34909","post","type-post","status-publish","format-standard","hentry","category-nacional"],"_links":{"self":[{"href":"https:\/\/www.radioamigavallenar.cl\/index.php?rest_route=\/wp\/v2\/posts\/34909","targetHints":{"allow":["GET"]}}],"collection":[{"href":"https:\/\/www.radioamigavallenar.cl\/index.php?rest_route=\/wp\/v2\/posts"}],"about":[{"href":"https:\/\/www.radioamigavallenar.cl\/index.php?rest_route=\/wp\/v2\/types\/post"}],"author":[{"embeddable":true,"href":"https:\/\/www.radioamigavallenar.cl\/index.php?rest_route=\/wp\/v2\/users\/2"}],"replies":[{"embeddable":true,"href":"https:\/\/www.radioamigavallenar.cl\/index.php?rest_route=%2Fwp%2Fv2%2Fcomments&post=34909"}],"version-history":[{"count":1,"href":"https:\/\/www.radioamigavallenar.cl\/index.php?rest_route=\/wp\/v2\/posts\/34909\/revisions"}],"predecessor-version":[{"id":34910,"href":"https:\/\/www.radioamigavallenar.cl\/index.php?rest_route=\/wp\/v2\/posts\/34909\/revisions\/34910"}],"wp:attachment":[{"href":"https:\/\/www.radioamigavallenar.cl\/index.php?rest_route=%2Fwp%2Fv2%2Fmedia&parent=34909"}],"wp:term":[{"taxonomy":"category","embeddable":true,"href":"https:\/\/www.radioamigavallenar.cl\/index.php?rest_route=%2Fwp%2Fv2%2Fcategories&post=34909"},{"taxonomy":"post_tag","embeddable":true,"href":"https:\/\/www.radioamigavallenar.cl\/index.php?rest_route=%2Fwp%2Fv2%2Ftags&post=34909"}],"curies":[{"name":"wp","href":"https:\/\/api.w.org\/{rel}","templated":true}]}}