{"id":34906,"date":"2021-01-19T11:40:03","date_gmt":"2021-01-19T14:40:03","guid":{"rendered":"https:\/\/www.radioamigavallenar.cl\/?p=34906"},"modified":"2021-01-19T11:40:03","modified_gmt":"2021-01-19T14:40:03","slug":"presentan-denuncia-contra-listas-de-constituyentes-de-fyf-por-violar-leyes-electorales","status":"publish","type":"post","link":"https:\/\/www.radioamigavallenar.cl\/?p=34906","title":{"rendered":"Presentan denuncia contra listas de constituyentes de FyF por violar leyes electorales"},"content":{"rendered":"<p>La ONG Chile Transparente present\u00f3 una denuncia ante el Servel para impugnar al menos 21 listas de independientes, que recolectaron sus firmas a trav\u00e9s de una plataforma habilitada por la empresa de asesor\u00eda previsional Felices y Forrados de Gino Lorenzini.<\/p>\n<p>Seg\u00fan publica el portal\u00a0<a href=\"https:\/\/www.ex-ante.cl\/denuncian-ante-el-servel-a-liista-constituyente-de-felices-y-forrados-por-violar-leyes-electorales\/\">Ex-Ante,\u00a0<\/a>la plataforma web de FyF fue utilizada para la recolecci\u00f3n de firmas de estos candidatos, donde se ped\u00eda ser usuario b\u00e1sico gratuito de la empresa ($2.000 mensuales).<\/p>\n<p>La denuncia de Chile Transparente sostiene que la nominaci\u00f3n de estos candidatos fue hecho por una empresa, lo que est\u00e1 expresamente prohibido por la actual legislaci\u00f3n.<\/p>\n<p>\u201cConsta como hecho p\u00fablico que la nominaci\u00f3n de los candidatos de la lista fue realizada por una empresa, entre personas con membres\u00eda comercial con ella. Ello es fraude a la Constituci\u00f3n. Las normas electorales son de derecho p\u00fablico: solo est\u00e1 permitido realizar aquello que expresamente dispone la Constituci\u00f3n y las leyes, que solo habilitan a partidos u personas naturales a presentar listas\u201d, dice la presentaci\u00f3n de Chile Transparente.<\/p>\n<p>En la denuncian, indican que la plataforma fyfvotafeliz.cl estaba hasta el 08\/01 inscrita en NIC Chile por Usay Uknow, una empresa de Gino Lorenzini y que despu\u00e9s qued\u00f3 bajo el nombre de este empresario como persona natural.<\/p>\n<p>El director de la ONG, Alberto Precht, se refiri\u00f3 en su cuenta de Twitter a esta denuncia, indicando que aceptar estas listas de FyF abrir\u00eda la puerta a que empresas de organicen a presentar listas o formulas electorales.<\/p>\n<p>\u201cLa vamos a pelear, a pesar de los insultos y amenazas, porque la puerta que se abre de aceptar que las empresas puedan organizarse y crear formulas electorales, nos retrotrae a una historia reciente que con mucho esfuerzo trabajamos por dejar atr\u00e1s\u201d, afirm\u00f3 Precht.<\/p>\n","protected":false},"excerpt":{"rendered":"<p>La ONG Chile Transparente present\u00f3 una denuncia ante el Servel para impugnar al menos 21 listas de independientes, que recolectaron sus firmas a trav\u00e9s de&hellip; <\/p>\n","protected":false},"author":2,"featured_media":0,"comment_status":"open","ping_status":"closed","sticky":false,"template":"","format":"standard","meta":{"footnotes":""},"categories":[37],"tags":[],"class_list":["post-34906","post","type-post","status-publish","format-standard","hentry","category-nacional"],"_links":{"self":[{"href":"https:\/\/www.radioamigavallenar.cl\/index.php?rest_route=\/wp\/v2\/posts\/34906","targetHints":{"allow":["GET"]}}],"collection":[{"href":"https:\/\/www.radioamigavallenar.cl\/index.php?rest_route=\/wp\/v2\/posts"}],"about":[{"href":"https:\/\/www.radioamigavallenar.cl\/index.php?rest_route=\/wp\/v2\/types\/post"}],"author":[{"embeddable":true,"href":"https:\/\/www.radioamigavallenar.cl\/index.php?rest_route=\/wp\/v2\/users\/2"}],"replies":[{"embeddable":true,"href":"https:\/\/www.radioamigavallenar.cl\/index.php?rest_route=%2Fwp%2Fv2%2Fcomments&post=34906"}],"version-history":[{"count":1,"href":"https:\/\/www.radioamigavallenar.cl\/index.php?rest_route=\/wp\/v2\/posts\/34906\/revisions"}],"predecessor-version":[{"id":34908,"href":"https:\/\/www.radioamigavallenar.cl\/index.php?rest_route=\/wp\/v2\/posts\/34906\/revisions\/34908"}],"wp:attachment":[{"href":"https:\/\/www.radioamigavallenar.cl\/index.php?rest_route=%2Fwp%2Fv2%2Fmedia&parent=34906"}],"wp:term":[{"taxonomy":"category","embeddable":true,"href":"https:\/\/www.radioamigavallenar.cl\/index.php?rest_route=%2Fwp%2Fv2%2Fcategories&post=34906"},{"taxonomy":"post_tag","embeddable":true,"href":"https:\/\/www.radioamigavallenar.cl\/index.php?rest_route=%2Fwp%2Fv2%2Ftags&post=34906"}],"curies":[{"name":"wp","href":"https:\/\/api.w.org\/{rel}","templated":true}]}}