{"id":34903,"date":"2021-01-19T11:37:59","date_gmt":"2021-01-19T14:37:59","guid":{"rendered":"https:\/\/www.radioamigavallenar.cl\/?p=34903"},"modified":"2021-01-19T11:37:59","modified_gmt":"2021-01-19T14:37:59","slug":"delgado-propone-que-detenidos-por-fiestas-clandestinas-hagan-trabajos-voluntarios-con-enfermos-covid","status":"publish","type":"post","link":"https:\/\/www.radioamigavallenar.cl\/?p=34903","title":{"rendered":"Delgado propone que detenidos por fiestas clandestinas hagan trabajos voluntarios con enfermos covid"},"content":{"rendered":"<p>El ministro del Interior,\u00a0<strong>Rodrigo Delgado<\/strong>, propuso este martes que las personas que sean sorprendidas participando en fiestas clandestinas, realicen trabajo voluntario con personas enfermas de covid-19.<\/p>\n<p>Durante el balance semanal que presenta los martes Carabineros, Delgado plante\u00f3 esta idea, como una forma de castigar y tratar de evitar la realizaci\u00f3n de fiestas clandestinas, que seg\u00fan las autoridades han ido en aumento durante enero.<\/p>\n<p>\u201cHay que tomar medidas distintas, hay algunas medidas que se pueden ir tomando. Por ejemplo, la ley permite que las personas que sean condenadas por participar, por ejemplo, en eventos como fiestas clandestinas, que tengan penas alternativas como por ejemplo hacer trabajos voluntarios.<strong>\u00a0Hay que empezar a pensar en otras medidas para personas que sienten cierto desprecio por su salud, pero lo m\u00e1s grave, por la salud de los dem\u00e1s\u201d<\/strong>, afirm\u00f3.<\/p>\n<p>\u201cTenemos que avanzar en que estas personas, que son detenidas y condenadas, tanto asistentes como organizadores (de fiestas) tengan que hacer un trabajo voluntario, donde\u00a0<strong>tengan que ir a lugares donde hay que atender enfermos, que sientan m\u00e1s conciencia con la enfermedad,<\/strong>\u00a0que sientan conciencia de los estragos que genera la enfermedad, que tengan que relacionarse con familias que est\u00e1n sufriendo, que tengan relacionarse con enfermos que est\u00e1n muchas veces muy complicados. Obviamente dentro del rango de lo que puedan hacer y participar\u201d, agreg\u00f3.<\/p>\n<p>En la \u00faltima semana, se registraron 229 reuniones masivas en al pa\u00eds, de las cuales, 14 eran de car\u00e1cter religiosas, 148 fueron consideradas fiestas clandestinas, 25 atenciones al p\u00fablico sin autorizaci\u00f3n y 14 eran actividades deportivas.<\/p>\n","protected":false},"excerpt":{"rendered":"<p>El ministro del Interior,\u00a0Rodrigo Delgado, propuso este martes que las personas que sean sorprendidas participando en fiestas clandestinas, realicen trabajo voluntario con personas enfermas de&hellip; <\/p>\n","protected":false},"author":2,"featured_media":0,"comment_status":"open","ping_status":"closed","sticky":false,"template":"","format":"standard","meta":{"footnotes":""},"categories":[37],"tags":[],"class_list":["post-34903","post","type-post","status-publish","format-standard","hentry","category-nacional"],"_links":{"self":[{"href":"https:\/\/www.radioamigavallenar.cl\/index.php?rest_route=\/wp\/v2\/posts\/34903","targetHints":{"allow":["GET"]}}],"collection":[{"href":"https:\/\/www.radioamigavallenar.cl\/index.php?rest_route=\/wp\/v2\/posts"}],"about":[{"href":"https:\/\/www.radioamigavallenar.cl\/index.php?rest_route=\/wp\/v2\/types\/post"}],"author":[{"embeddable":true,"href":"https:\/\/www.radioamigavallenar.cl\/index.php?rest_route=\/wp\/v2\/users\/2"}],"replies":[{"embeddable":true,"href":"https:\/\/www.radioamigavallenar.cl\/index.php?rest_route=%2Fwp%2Fv2%2Fcomments&post=34903"}],"version-history":[{"count":1,"href":"https:\/\/www.radioamigavallenar.cl\/index.php?rest_route=\/wp\/v2\/posts\/34903\/revisions"}],"predecessor-version":[{"id":34905,"href":"https:\/\/www.radioamigavallenar.cl\/index.php?rest_route=\/wp\/v2\/posts\/34903\/revisions\/34905"}],"wp:attachment":[{"href":"https:\/\/www.radioamigavallenar.cl\/index.php?rest_route=%2Fwp%2Fv2%2Fmedia&parent=34903"}],"wp:term":[{"taxonomy":"category","embeddable":true,"href":"https:\/\/www.radioamigavallenar.cl\/index.php?rest_route=%2Fwp%2Fv2%2Fcategories&post=34903"},{"taxonomy":"post_tag","embeddable":true,"href":"https:\/\/www.radioamigavallenar.cl\/index.php?rest_route=%2Fwp%2Fv2%2Ftags&post=34903"}],"curies":[{"name":"wp","href":"https:\/\/api.w.org\/{rel}","templated":true}]}}