{"id":34901,"date":"2021-01-19T11:35:40","date_gmt":"2021-01-19T14:35:40","guid":{"rendered":"https:\/\/www.radioamigavallenar.cl\/?p=34901"},"modified":"2021-01-19T11:35:40","modified_gmt":"2021-01-19T14:35:40","slug":"atacama-reporto-este-martes-45-nuevos-casos-de-coronavirus-y-347-activos","status":"publish","type":"post","link":"https:\/\/www.radioamigavallenar.cl\/?p=34901","title":{"rendered":"Atacama report\u00f3 este martes 45 nuevos casos de Coronavirus y 347 activos"},"content":{"rendered":"<p>El Minsal inform\u00f3 este martes un total de 45 nuevos casos de la enfermedad en la regi\u00f3n de Atacama, de ellos 26 fueron casos sintom\u00e1ticos y 19 sin s\u00edntomas, adem\u00e1s se reportaron 347 casos activos confirmados en las \u00faltimas horas a nivel regional.<\/p>\n<p>&nbsp;<\/p>\n<p>Con dichas cifras Atacama alcanza a la fecha 9.336 casos acumulados de Coronavirus.<\/p>\n","protected":false},"excerpt":{"rendered":"<p>El Minsal inform\u00f3 este martes un total de 45 nuevos casos de la enfermedad en la regi\u00f3n de Atacama, de ellos 26 fueron casos sintom\u00e1ticos&hellip; <\/p>\n","protected":false},"author":2,"featured_media":31936,"comment_status":"open","ping_status":"closed","sticky":false,"template":"","format":"standard","meta":{"footnotes":""},"categories":[7],"tags":[],"class_list":["post-34901","post","type-post","status-publish","format-standard","has-post-thumbnail","hentry","category-atacama"],"_links":{"self":[{"href":"https:\/\/www.radioamigavallenar.cl\/index.php?rest_route=\/wp\/v2\/posts\/34901","targetHints":{"allow":["GET"]}}],"collection":[{"href":"https:\/\/www.radioamigavallenar.cl\/index.php?rest_route=\/wp\/v2\/posts"}],"about":[{"href":"https:\/\/www.radioamigavallenar.cl\/index.php?rest_route=\/wp\/v2\/types\/post"}],"author":[{"embeddable":true,"href":"https:\/\/www.radioamigavallenar.cl\/index.php?rest_route=\/wp\/v2\/users\/2"}],"replies":[{"embeddable":true,"href":"https:\/\/www.radioamigavallenar.cl\/index.php?rest_route=%2Fwp%2Fv2%2Fcomments&post=34901"}],"version-history":[{"count":1,"href":"https:\/\/www.radioamigavallenar.cl\/index.php?rest_route=\/wp\/v2\/posts\/34901\/revisions"}],"predecessor-version":[{"id":34902,"href":"https:\/\/www.radioamigavallenar.cl\/index.php?rest_route=\/wp\/v2\/posts\/34901\/revisions\/34902"}],"wp:featuredmedia":[{"embeddable":true,"href":"https:\/\/www.radioamigavallenar.cl\/index.php?rest_route=\/wp\/v2\/media\/31936"}],"wp:attachment":[{"href":"https:\/\/www.radioamigavallenar.cl\/index.php?rest_route=%2Fwp%2Fv2%2Fmedia&parent=34901"}],"wp:term":[{"taxonomy":"category","embeddable":true,"href":"https:\/\/www.radioamigavallenar.cl\/index.php?rest_route=%2Fwp%2Fv2%2Fcategories&post=34901"},{"taxonomy":"post_tag","embeddable":true,"href":"https:\/\/www.radioamigavallenar.cl\/index.php?rest_route=%2Fwp%2Fv2%2Ftags&post=34901"}],"curies":[{"name":"wp","href":"https:\/\/api.w.org\/{rel}","templated":true}]}}