{"id":34897,"date":"2021-01-19T11:28:25","date_gmt":"2021-01-19T14:28:25","guid":{"rendered":"https:\/\/www.radioamigavallenar.cl\/?p=34897"},"modified":"2021-01-19T11:28:25","modified_gmt":"2021-01-19T14:28:25","slug":"chile-vamos-busca-que-comision-investigue-vinculo-de-cuestionada-empresa-con-universidades-chilenas","status":"publish","type":"post","link":"https:\/\/www.radioamigavallenar.cl\/?p=34897","title":{"rendered":"Chile Vamos busca que comisi\u00f3n investigue v\u00ednculo de cuestionada empresa con universidades chilenas"},"content":{"rendered":"<p>La adjudicaci\u00f3n del\u00a0<strong>Instituto de Tecnolog\u00edas Limpias<\/strong>\u00a0sigue dando de que hablar en el mundo pol\u00edtico. A modo de contexto, el tema gener\u00f3 controversia tras la denuncia de un grupo de senadores opositores, entre los cuales se encuentra Guido Girardi del PPD.<\/p>\n<p>En lo concreto, los parlamentarios acusaban vicios en un proceso de licitaci\u00f3n de la Corfo, que finaliz\u00f3 con un ganador que agrupa una serie de universidades estadounidense y otras de Chile. Sin embargo, las m\u00e1s conocidas y la mayor cantidad de planteles nacionales quedaron fuera.<\/p>\n<p>Ante esto, se han realizado algunas acciones para esclarecer y conocer todos los antecedentes, como por ejemplo, un requerimiento a la Contralor\u00eda, o un proyecto de acuerdo para solicitar al presidente que declare desierto el proceso de licitaci\u00f3n.<\/p>\n<p>Sin embargo,<strong>\u00a0Chile Vamos hab\u00eda pedido que la oposici\u00f3n abordara con la misma fuerza con la que se denunci\u00f3 este supuesto proceso irregular,<\/strong>\u00a0los antecedentes que vinculan a las universidades que quedaron fuera de la licitaci\u00f3n, con una cuestionada empresa financista.<\/p>\n<p>Estamos hablando de Alset, la que seg\u00fan el medio Interferencia, contar\u00eda con una serie de acciones que se alejar\u00edan del marco regulatorio. Entre ellos, se encuentra, por ejemplo, la suspensi\u00f3n por parte de la Corfo, a un pago de cuotas de financiamiento a un proyecto de la empresa. Se se\u00f1ala que se contar\u00eda con escasos avances, y un nulo aporte pecunario.<\/p>\n<p>La Radio contact\u00f3 al senador del PPD Guido Girardi, para conocer si \u00e9l ten\u00eda antecedentes respecto a lo expuesto anteriormente. \u00c9l lo neg\u00f3, e incluso\u00a0<strong>dijo que no conoce en persona a Jos\u00e9 Ignacio Galindo, el principal accionista de la empresa.<\/strong><\/p>\n<p>El parlamentario sostuvo que no se pondr\u00e1n en tabla estos antecedentes, ya que para \u00e9l no habr\u00edan irregularidades en manifiesto. Adem\u00e1s, dijo que el Senado no es un ente fiscalizador.<\/p>\n<p>Lo anterior son\u00f3 contradictorio para Chile Vamos. El senador UDI Iv\u00e1n Moreira se refiri\u00f3 a\u00a0<strong>posibles v\u00ednculos entre la empresa Alset con el PPD, mientras que su par Claudio Alvarado, acus\u00f3 un \u201cdoble est\u00e1ndar\u201d por parte de Girardi.<\/strong><\/p>\n<p>Estas universidades chilenas est\u00e1n agrupadas en el consorcio Alta Ley, y la empresa Alset habr\u00eda sido uno de los mayores financistas, pese a mostrarse como una empresa de menor tama\u00f1o pro pyme.<\/p>\n<p>Ayer, sesion\u00f3 la comisi\u00f3n de Ciencias de la C\u00e1mara y se analiz\u00f3 este tema, a petici\u00f3n del diputado RN Miguel Mellado, quien puso los antecedentes sobre la mesa.<\/p>\n<p>Ante la pregunta del parlamentario,<strong>\u00a0los rectores de universidades mostraron desconocer el tema, y de hecho, sugirieron que se transparente.<\/strong><\/p>\n<p>As\u00ed lo hizo el rector de la Universidad de Chile Ennio Vivaldi. Por su parte, Carlos Saavedra, rector de la Universidad de Concepci\u00f3n, se\u00f1al\u00f3 que tambi\u00e9n se deben ponderar otros aportes realizados por empresas financistas.<\/p>\n<p>Respecto a la licitaci\u00f3n en donde reiteramos, se adjudic\u00f3 este instituto a un consorcio estadounidense por sobre los otros oferentes nacionales, el diputado independiente Tom\u00e1s Hirsch ya propuso la\u00a0<strong>creaci\u00f3n de una comisi\u00f3n investigadora.<\/strong><\/p>\n<p>De hecho, ya se encuentra recolectando las firmas correspondientes. Ante esto, ya cuenta con algunas firmas comprometidas, como por ejemplo, la del diputado socialista Jaime Toh\u00e1, presidente de la comisi\u00f3n de Ciencias de la C\u00e1mara.<\/p>\n<p>&nbsp;<\/p>\n","protected":false},"excerpt":{"rendered":"<p>La adjudicaci\u00f3n del\u00a0Instituto de Tecnolog\u00edas Limpias\u00a0sigue dando de que hablar en el mundo pol\u00edtico. A modo de contexto, el tema gener\u00f3 controversia tras la denuncia&hellip; <\/p>\n","protected":false},"author":2,"featured_media":0,"comment_status":"open","ping_status":"closed","sticky":false,"template":"","format":"standard","meta":{"footnotes":""},"categories":[37],"tags":[],"class_list":["post-34897","post","type-post","status-publish","format-standard","hentry","category-nacional"],"_links":{"self":[{"href":"https:\/\/www.radioamigavallenar.cl\/index.php?rest_route=\/wp\/v2\/posts\/34897","targetHints":{"allow":["GET"]}}],"collection":[{"href":"https:\/\/www.radioamigavallenar.cl\/index.php?rest_route=\/wp\/v2\/posts"}],"about":[{"href":"https:\/\/www.radioamigavallenar.cl\/index.php?rest_route=\/wp\/v2\/types\/post"}],"author":[{"embeddable":true,"href":"https:\/\/www.radioamigavallenar.cl\/index.php?rest_route=\/wp\/v2\/users\/2"}],"replies":[{"embeddable":true,"href":"https:\/\/www.radioamigavallenar.cl\/index.php?rest_route=%2Fwp%2Fv2%2Fcomments&post=34897"}],"version-history":[{"count":1,"href":"https:\/\/www.radioamigavallenar.cl\/index.php?rest_route=\/wp\/v2\/posts\/34897\/revisions"}],"predecessor-version":[{"id":34899,"href":"https:\/\/www.radioamigavallenar.cl\/index.php?rest_route=\/wp\/v2\/posts\/34897\/revisions\/34899"}],"wp:attachment":[{"href":"https:\/\/www.radioamigavallenar.cl\/index.php?rest_route=%2Fwp%2Fv2%2Fmedia&parent=34897"}],"wp:term":[{"taxonomy":"category","embeddable":true,"href":"https:\/\/www.radioamigavallenar.cl\/index.php?rest_route=%2Fwp%2Fv2%2Fcategories&post=34897"},{"taxonomy":"post_tag","embeddable":true,"href":"https:\/\/www.radioamigavallenar.cl\/index.php?rest_route=%2Fwp%2Fv2%2Ftags&post=34897"}],"curies":[{"name":"wp","href":"https:\/\/api.w.org\/{rel}","templated":true}]}}