{"id":34895,"date":"2021-01-19T11:25:56","date_gmt":"2021-01-19T14:25:56","guid":{"rendered":"https:\/\/www.radioamigavallenar.cl\/?p=34895"},"modified":"2021-01-19T11:29:06","modified_gmt":"2021-01-19T14:29:06","slug":"anuncias-nuevas-marejadas-paras-las-costas-de-la-region","status":"publish","type":"post","link":"https:\/\/www.radioamigavallenar.cl\/?p=34895","title":{"rendered":"Anuncias nuevas marejadas paras las costas de la regi\u00f3n de Atacama"},"content":{"rendered":"<p>La Capitan\u00eda de puerto de Caldera, esta informando la ocurrencia de marejadas desde este martes y hasta el pr\u00f3ximo d\u00eda viernes en el borde costero de la regi\u00f3n, aquello seg\u00fan datos proporcionados por el Centro Meteorol\u00f3gico de Valpara\u00edso el cu\u00e1l inform\u00f3 que se presentar\u00e1 desde Arica hasta Golfo de Arauco y Archipi\u00e9lago Juan Fern\u00e1ndez, proyectando condiciones de mar como marejadas del noroeste, donde se esperan olas de hasta 3 metros de altura en algunas regiones.<\/p>\n<p class=\"paragraph \">Seg\u00fan el reporte del organismo, se estima alcanzar\u00e1 su mayor desarrollo en las respectivas horas de pleamar o alta marea y seg\u00fan las condiciones de viento local.<\/p>\n<p class=\"paragraph \">El jefe del Centro Meteorol\u00f3gico Mar\u00edtimo de Valpara\u00edso explic\u00f3 que \u201c<b>a contar del d\u00eda martes 19 de enero esperamos marejadas del noroeste en nuestro litoral y territorio insular, generando oleaje de hasta 2,5 metros de altura y una fuerte rompiente en bah\u00edas abiertas al noroeste, coincidente con las horas de pleamar o altas mareas<\/b>\u201d.<\/p>\n<p>La Autoridad Mar\u00edtima hizo hincapi\u00e9 en el\u00a0<b>llamado a actuar con prudencia y cautela, respetar las normas de seguridad establecidas, evitando el tr\u00e1nsito por sectores rocosos, no ingresar al mar durante el evento de marejadas y no desarrollar actividades n\u00e1uticas y deportivas sin la debida autorizaci\u00f3n.<\/b><\/p>\n","protected":false},"excerpt":{"rendered":"<p>La Capitan\u00eda de puerto de Caldera, esta informando la ocurrencia de marejadas desde este martes y hasta el pr\u00f3ximo d\u00eda viernes en el borde costero&hellip; <\/p>\n","protected":false},"author":2,"featured_media":24011,"comment_status":"open","ping_status":"closed","sticky":false,"template":"","format":"standard","meta":{"footnotes":""},"categories":[38],"tags":[],"class_list":["post-34895","post","type-post","status-publish","format-standard","has-post-thumbnail","hentry","category-portada-regional"],"_links":{"self":[{"href":"https:\/\/www.radioamigavallenar.cl\/index.php?rest_route=\/wp\/v2\/posts\/34895","targetHints":{"allow":["GET"]}}],"collection":[{"href":"https:\/\/www.radioamigavallenar.cl\/index.php?rest_route=\/wp\/v2\/posts"}],"about":[{"href":"https:\/\/www.radioamigavallenar.cl\/index.php?rest_route=\/wp\/v2\/types\/post"}],"author":[{"embeddable":true,"href":"https:\/\/www.radioamigavallenar.cl\/index.php?rest_route=\/wp\/v2\/users\/2"}],"replies":[{"embeddable":true,"href":"https:\/\/www.radioamigavallenar.cl\/index.php?rest_route=%2Fwp%2Fv2%2Fcomments&post=34895"}],"version-history":[{"count":2,"href":"https:\/\/www.radioamigavallenar.cl\/index.php?rest_route=\/wp\/v2\/posts\/34895\/revisions"}],"predecessor-version":[{"id":34900,"href":"https:\/\/www.radioamigavallenar.cl\/index.php?rest_route=\/wp\/v2\/posts\/34895\/revisions\/34900"}],"wp:featuredmedia":[{"embeddable":true,"href":"https:\/\/www.radioamigavallenar.cl\/index.php?rest_route=\/wp\/v2\/media\/24011"}],"wp:attachment":[{"href":"https:\/\/www.radioamigavallenar.cl\/index.php?rest_route=%2Fwp%2Fv2%2Fmedia&parent=34895"}],"wp:term":[{"taxonomy":"category","embeddable":true,"href":"https:\/\/www.radioamigavallenar.cl\/index.php?rest_route=%2Fwp%2Fv2%2Fcategories&post=34895"},{"taxonomy":"post_tag","embeddable":true,"href":"https:\/\/www.radioamigavallenar.cl\/index.php?rest_route=%2Fwp%2Fv2%2Ftags&post=34895"}],"curies":[{"name":"wp","href":"https:\/\/api.w.org\/{rel}","templated":true}]}}