{"id":34892,"date":"2021-01-19T11:15:29","date_gmt":"2021-01-19T14:15:29","guid":{"rendered":"https:\/\/www.radioamigavallenar.cl\/?p=34892"},"modified":"2021-01-19T11:15:29","modified_gmt":"2021-01-19T14:15:29","slug":"plazo-de-inscripcion-para-responder-por-internet-el-censo-agropecuario-y-forestal-vence-el-31-de-enero","status":"publish","type":"post","link":"https:\/\/www.radioamigavallenar.cl\/?p=34892","title":{"rendered":"Plazo de Inscripci\u00f3n para responder por internet el Censo Agropecuario y Forestal vence el 31 de enero"},"content":{"rendered":"<p>La inscripci\u00f3n se realiza en el\u00a0sitio web\u00a0<a href=\"http:\/\/www.censoagropecuario.cl\/\">www.censoagropecuario.cl<\/a><\/p>\n<p>El Instituto Nacional de Estad\u00edsticas informa a los productores agropecuarios que se encuentra habilitada hasta fines de enero la inscripci\u00f3n para quienes opten por contestar online el cuestionario del VIII Censo Agropecuario y Forestal, con el solo requisito de contar con computador y conexi\u00f3n a internet. Una vez inscritos ser\u00e1n contactados por personal CAF y se les enviar\u00e1 la ficha de indagaci\u00f3n, que equivale a los primeros m\u00f3dulos del cuestionario censal. Una vez completada y enviada esta ficha, el productor recibir\u00e1 el link, usuario y clave para acceder a los m\u00f3dulos restantes del cuestionario censal en marzo 2021. La inscripci\u00f3n para poder acceder al cuestionario censal online se encuentra disponible en el\u00a0sitio web\u00a0<a href=\"http:\/\/www.censoagropecuario.cl\/\">www.censoagropecuario.cl<\/a><\/p>\n<p>El levantamiento, tanto por web como en terreno, se realizar\u00e1 entre marzo y junio de 2021, y en la regi\u00f3n de Atacama actualmente est\u00e1n consideradas alrededor de 3.000 explotaciones o Unidades Productivas Agropecuarias (UPAs).<\/p>\n<p>El Censo Agropecuario y Forestal es la fuente m\u00e1s importante de informaci\u00f3n estad\u00edstica en base a la cual los gobiernos, autoridades, organizaciones y el sector privado orientan sus recursos de manera m\u00e1s efectiva para contribuir al desarrollo del sector agr\u00edcola, su gente y todos los chilenos.<\/p>\n<p>El director regional del INE Atacama, Fernando del Pino, hizo un llamado a todos los productores agropecuarios de la regi\u00f3n a inscribirse y se\u00f1al\u00f3 \u201cser\u00eda muy \u00fatil que los productores se inscribieran pues con ello tendr\u00e1n la facilidad y libertad para ingresar varias veces al cuestionario y registrar la informaci\u00f3n solicitada durante el per\u00edodo censal\u201d.<\/p>\n<p>Todos los datos que el productor entrega al INE son tratados con absoluta confidencialidad, ya que la informaci\u00f3n se encuentra protegida por la Ley N\u00b017.374 que establece el \u201cSecreto Estad\u00edstico\u201d, as\u00ed como la obligaci\u00f3n de responder al Instituto Nacional de Estad\u00edstica, encargado de realizar los censos y elaborar las estad\u00edsticas oficiales del pa\u00eds.<\/p>\n<p>Desde la comuna de Alto del Carmen, espec\u00edficamente de la localidad de El Olivo, la productora de uva de mesa, Carolina Carmona, manifiesta su inter\u00e9s de poder inscribirse para realizar el censo de forma remota \u201cla iniciativa es muy necesaria, dado el contexto de pandemia que atraviesa el pa\u00eds, y se deben tomar todas las medidas para evitar potenciales focos de contagio\u201d, sobre la complejidad del proceso se\u00f1ala \u00a0\u201cla p\u00e1gina web la encuentro muy amigable, y los datos que piden son informaci\u00f3n que normalmente manejo\u201d, por ultimo se\u00f1ala e invita a todos los productores de la regi\u00f3n y en especial hace un llamado a los productores y empresas agr\u00edcolas de la comuna de Alto del Carmen, para que utilicen este mecanismo y con ello se pueda actualizar la informaci\u00f3n agr\u00edcola del pa\u00eds.<\/p>\n","protected":false},"excerpt":{"rendered":"<p>La inscripci\u00f3n se realiza en el\u00a0sitio web\u00a0www.censoagropecuario.cl El Instituto Nacional de Estad\u00edsticas informa a los productores agropecuarios que se encuentra habilitada hasta fines de enero&hellip; <\/p>\n","protected":false},"author":2,"featured_media":0,"comment_status":"open","ping_status":"closed","sticky":false,"template":"","format":"standard","meta":{"footnotes":""},"categories":[38],"tags":[],"class_list":["post-34892","post","type-post","status-publish","format-standard","hentry","category-portada-regional"],"_links":{"self":[{"href":"https:\/\/www.radioamigavallenar.cl\/index.php?rest_route=\/wp\/v2\/posts\/34892","targetHints":{"allow":["GET"]}}],"collection":[{"href":"https:\/\/www.radioamigavallenar.cl\/index.php?rest_route=\/wp\/v2\/posts"}],"about":[{"href":"https:\/\/www.radioamigavallenar.cl\/index.php?rest_route=\/wp\/v2\/types\/post"}],"author":[{"embeddable":true,"href":"https:\/\/www.radioamigavallenar.cl\/index.php?rest_route=\/wp\/v2\/users\/2"}],"replies":[{"embeddable":true,"href":"https:\/\/www.radioamigavallenar.cl\/index.php?rest_route=%2Fwp%2Fv2%2Fcomments&post=34892"}],"version-history":[{"count":1,"href":"https:\/\/www.radioamigavallenar.cl\/index.php?rest_route=\/wp\/v2\/posts\/34892\/revisions"}],"predecessor-version":[{"id":34894,"href":"https:\/\/www.radioamigavallenar.cl\/index.php?rest_route=\/wp\/v2\/posts\/34892\/revisions\/34894"}],"wp:attachment":[{"href":"https:\/\/www.radioamigavallenar.cl\/index.php?rest_route=%2Fwp%2Fv2%2Fmedia&parent=34892"}],"wp:term":[{"taxonomy":"category","embeddable":true,"href":"https:\/\/www.radioamigavallenar.cl\/index.php?rest_route=%2Fwp%2Fv2%2Fcategories&post=34892"},{"taxonomy":"post_tag","embeddable":true,"href":"https:\/\/www.radioamigavallenar.cl\/index.php?rest_route=%2Fwp%2Fv2%2Ftags&post=34892"}],"curies":[{"name":"wp","href":"https:\/\/api.w.org\/{rel}","templated":true}]}}