{"id":34889,"date":"2021-01-19T07:12:12","date_gmt":"2021-01-19T10:12:12","guid":{"rendered":"https:\/\/www.radioamigavallenar.cl\/?p=34889"},"modified":"2021-01-19T11:12:53","modified_gmt":"2021-01-19T14:12:53","slug":"dan-el-vamos-a-obras-del-nuevo-museo-regional-para-atacama","status":"publish","type":"post","link":"https:\/\/www.radioamigavallenar.cl\/?p=34889","title":{"rendered":"Dan el vamos a obras del nuevo museo regional para Atacama"},"content":{"rendered":"<p>El Servicio Nacional del Patrimonio Cultural realiz\u00f3 el traspaso a la Direcci\u00f3n Regional de Arquitectura del Ministerio de Obras P\u00fablicas (MOP) de los terrenos donde ser\u00e1 construido el nuevo edificio del Museo Regional de Atacama.<\/p>\n<p>Con ello se da luz verde al inicio de las obras de edificaci\u00f3n del espacio que albergar\u00e1 de manera permanente las principales colecciones hist\u00f3ricas, arqueol\u00f3gicas, naturales y de arte de la regi\u00f3n.<\/p>\n<p>El nuevo edificio se emplazar\u00e1 en el barrio de conservaci\u00f3n hist\u00f3rica de Copiap\u00f3 y considera una propuesta arquitect\u00f3nica moderna pero integrada a su contexto, con espacios museables flexibles.<\/p>\n<p>Su dise\u00f1o contempla una superficie total de 6.444,66 m2, distribuida en tres niveles superiores y dos subterr\u00e1neos, con una fachada continua hacia la alameda Manuel Antonio Matta, consolidando la calidad de este barrio tradicional de Copiap\u00f3 y la relevancia del vac\u00edo urbano de la rambla de la alameda.<\/p>\n<p>En las nuevas instalaciones se proyectan \u00e1reas de exposici\u00f3n permanente de historia natural, paleontolog\u00eda, arqueolog\u00eda, historia de Atacama y miner\u00eda, a la que se sumar\u00e1n exposiciones temporales. Tambi\u00e9n se contar\u00e1 con laboratorios de arqueolog\u00eda, conservaci\u00f3n, arqueolog\u00eda, paleontolog\u00eda e historia natural; habr\u00e1 una biblioteca y hemeroteca (con dep\u00f3sito y archivo fotogr\u00e1fico); una sala de convenciones, y se construir\u00e1n dep\u00f3sitos de \u00faltima generaci\u00f3n para el resguardo de las colecciones.<\/p>\n<p>El director nacional del Servicio, Carlos Maillet, destac\u00f3 que \u201clas nuevas dependencias permitir\u00e1n mejorar la experiencia de los usuarios y usuarias que visiten el museo, con un nuevo registro de colecciones y exposiciones permanentes. \u00c9stas mostrar\u00e1n el patrimonio de las tres provincias de Atacama, con un despliegue mucho mayor del que es posible en la actualidad por razones de espacio\u201d.<\/p>\n<p>La construcci\u00f3n de este nuevo inmueble contempla una inversi\u00f3n de $ 13. 263 millones con recursos aprobados por el Core y el Servicio Nacional del Patrimonio Cultural. El tiempo estimado de construcci\u00f3n ser\u00e1 de 30 meses.<\/p>\n","protected":false},"excerpt":{"rendered":"<p>El Servicio Nacional del Patrimonio Cultural realiz\u00f3 el traspaso a la Direcci\u00f3n Regional de Arquitectura del Ministerio de Obras P\u00fablicas (MOP) de los terrenos donde&hellip; <\/p>\n","protected":false},"author":2,"featured_media":0,"comment_status":"open","ping_status":"closed","sticky":false,"template":"","format":"standard","meta":{"footnotes":""},"categories":[38],"tags":[],"class_list":["post-34889","post","type-post","status-publish","format-standard","hentry","category-portada-regional"],"_links":{"self":[{"href":"https:\/\/www.radioamigavallenar.cl\/index.php?rest_route=\/wp\/v2\/posts\/34889","targetHints":{"allow":["GET"]}}],"collection":[{"href":"https:\/\/www.radioamigavallenar.cl\/index.php?rest_route=\/wp\/v2\/posts"}],"about":[{"href":"https:\/\/www.radioamigavallenar.cl\/index.php?rest_route=\/wp\/v2\/types\/post"}],"author":[{"embeddable":true,"href":"https:\/\/www.radioamigavallenar.cl\/index.php?rest_route=\/wp\/v2\/users\/2"}],"replies":[{"embeddable":true,"href":"https:\/\/www.radioamigavallenar.cl\/index.php?rest_route=%2Fwp%2Fv2%2Fcomments&post=34889"}],"version-history":[{"count":1,"href":"https:\/\/www.radioamigavallenar.cl\/index.php?rest_route=\/wp\/v2\/posts\/34889\/revisions"}],"predecessor-version":[{"id":34891,"href":"https:\/\/www.radioamigavallenar.cl\/index.php?rest_route=\/wp\/v2\/posts\/34889\/revisions\/34891"}],"wp:attachment":[{"href":"https:\/\/www.radioamigavallenar.cl\/index.php?rest_route=%2Fwp%2Fv2%2Fmedia&parent=34889"}],"wp:term":[{"taxonomy":"category","embeddable":true,"href":"https:\/\/www.radioamigavallenar.cl\/index.php?rest_route=%2Fwp%2Fv2%2Fcategories&post=34889"},{"taxonomy":"post_tag","embeddable":true,"href":"https:\/\/www.radioamigavallenar.cl\/index.php?rest_route=%2Fwp%2Fv2%2Ftags&post=34889"}],"curies":[{"name":"wp","href":"https:\/\/api.w.org\/{rel}","templated":true}]}}