{"id":34886,"date":"2021-01-19T10:00:07","date_gmt":"2021-01-19T13:00:07","guid":{"rendered":"https:\/\/www.radioamigavallenar.cl\/?p=34886"},"modified":"2021-01-19T10:00:07","modified_gmt":"2021-01-19T13:00:07","slug":"en-freirina-quieren-visibilizar-labor-de-crianceros-a-traves-de-capsulas-audiovisuales","status":"publish","type":"post","link":"https:\/\/www.radioamigavallenar.cl\/?p=34886","title":{"rendered":"En Freirina quieren visibilizar labor de crianceros a trav\u00e9s de c\u00e1psulas audiovisuales"},"content":{"rendered":"<div class=\"kvgmc6g5 cxmmr5t8 oygrvhab hcukyx3x c1et5uql ii04i59q\">\n<div dir=\"auto\">En el marco de la emergencia sanitaria por covid19, el equipo Prodesal de la Municipalidad de Freirina, ha querido mantener el v\u00ednculo con sus usuarios aprovechando el uso que nos brindan hoy por hoy las tecnolog\u00edas.<\/div>\n<div dir=\"auto\"><\/div>\n<\/div>\n<div class=\"o9v6fnle cxmmr5t8 oygrvhab hcukyx3x c1et5uql ii04i59q\">\n<div dir=\"auto\">En esa l\u00ednea, Carmen Castillo, encargada del Prodesal freirinense,\u00a0 inform\u00f3 que de manera paulatina se dar\u00e1 a conocer a trav\u00e9s de videos el trabajo que realizan crianceros y crinceras, \u201cEstamos de esta forma visualizando toda la carga patrimonial de los crianceros de ganado caprino, de manera especial de los productores de queso, alimento con caracter\u00edsticas \u00fanicas, que nos dan identidad y pertinencia al territorio.<\/div>\n<div dir=\"auto\"><\/div>\n<div dir=\"auto\">Cabe destacar que la funci\u00f3n que cumplen los crianceros al vender sus quesos, es vital para la econom\u00eda familiar campesina, quienes se mantienen de manera silenciosa en el tiempo, alimentando a nuestros vecinos y vecinas\u201d, sostuvo.<\/div>\n<div dir=\"auto\"><\/div>\n<\/div>\n<div class=\"o9v6fnle cxmmr5t8 oygrvhab hcukyx3x c1et5uql ii04i59q\">\n<div dir=\"auto\">Esta iniciativa cuenta con recursos municipales, aprobados en el Concejo que han de permitir la confecci\u00f3n de una serie de c\u00e1psulas audiovisuales en apoyo a la comercializaci\u00f3n de los peque\u00f1os productores de leche y queso de cabra.<\/div>\n<\/div>\n","protected":false},"excerpt":{"rendered":"<p>En el marco de la emergencia sanitaria por covid19, el equipo Prodesal de la Municipalidad de Freirina, ha querido mantener el v\u00ednculo con sus usuarios&hellip; <\/p>\n","protected":false},"author":2,"featured_media":0,"comment_status":"open","ping_status":"closed","sticky":false,"template":"","format":"standard","meta":{"footnotes":""},"categories":[38],"tags":[],"class_list":["post-34886","post","type-post","status-publish","format-standard","hentry","category-portada-regional"],"_links":{"self":[{"href":"https:\/\/www.radioamigavallenar.cl\/index.php?rest_route=\/wp\/v2\/posts\/34886","targetHints":{"allow":["GET"]}}],"collection":[{"href":"https:\/\/www.radioamigavallenar.cl\/index.php?rest_route=\/wp\/v2\/posts"}],"about":[{"href":"https:\/\/www.radioamigavallenar.cl\/index.php?rest_route=\/wp\/v2\/types\/post"}],"author":[{"embeddable":true,"href":"https:\/\/www.radioamigavallenar.cl\/index.php?rest_route=\/wp\/v2\/users\/2"}],"replies":[{"embeddable":true,"href":"https:\/\/www.radioamigavallenar.cl\/index.php?rest_route=%2Fwp%2Fv2%2Fcomments&post=34886"}],"version-history":[{"count":1,"href":"https:\/\/www.radioamigavallenar.cl\/index.php?rest_route=\/wp\/v2\/posts\/34886\/revisions"}],"predecessor-version":[{"id":34888,"href":"https:\/\/www.radioamigavallenar.cl\/index.php?rest_route=\/wp\/v2\/posts\/34886\/revisions\/34888"}],"wp:attachment":[{"href":"https:\/\/www.radioamigavallenar.cl\/index.php?rest_route=%2Fwp%2Fv2%2Fmedia&parent=34886"}],"wp:term":[{"taxonomy":"category","embeddable":true,"href":"https:\/\/www.radioamigavallenar.cl\/index.php?rest_route=%2Fwp%2Fv2%2Fcategories&post=34886"},{"taxonomy":"post_tag","embeddable":true,"href":"https:\/\/www.radioamigavallenar.cl\/index.php?rest_route=%2Fwp%2Fv2%2Ftags&post=34886"}],"curies":[{"name":"wp","href":"https:\/\/api.w.org\/{rel}","templated":true}]}}