{"id":34883,"date":"2021-01-19T09:58:59","date_gmt":"2021-01-19T12:58:59","guid":{"rendered":"https:\/\/www.radioamigavallenar.cl\/?p=34883"},"modified":"2021-01-19T09:58:59","modified_gmt":"2021-01-19T12:58:59","slug":"municipio-de-vallenar-implementara-protocolos-ante-retroceso-a-fase-dos","status":"publish","type":"post","link":"https:\/\/www.radioamigavallenar.cl\/?p=34883","title":{"rendered":"Municipio de Vallenar implementar\u00e1 protocolos ante retroceso a fase dos"},"content":{"rendered":"<p>El alcalde de la comuna de Vallenar V\u00edctor Isla Lutz, se re\u00fane con los directivos de los diversos departamentos municipales, con la finalidad de analizar la agenda semanal y se exponen avances y proyecciones. El encuentro de este lunes 18 de enero, estuvo marcado por el retroceso a fase 2 en diversas comunas de Chile, en donde se inclu\u00eda Vallenar.<\/p>\n<p>Por ello, una de las primeras medidas acordadas en la reuni\u00f3n de comit\u00e9 t\u00e9cnico, fue, suspender todas las actividades proyectadas para la temporada estival que involucrara concurrencia de audiencias.<\/p>\n<p>En este sentido, la encargada de la Oficina de Desarrollo Comunitario, Lorena Rivera, se\u00f1al\u00f3 que se buscar\u00e1 la f\u00f3rmula de realizar actividades a trav\u00e9s de plataformas digitales y, as\u00ed, llegar con una alternativa comunidad Vallenarinas.<\/p>\n<p>Por su parte, el alcalde V\u00edctor Isla Lutz, enfatiz\u00f3 que las medidas que se tomar\u00e1n, ser\u00e1n: Realizar testeos peri\u00f3dicos y PCR a los funcionarios municipales comenzando esta semana y repitiendo el proceso una vez al mes; Realizar una fuerte campa\u00f1a para generar conciencia en los vecinos; Mejorar el aforo en el edificio consistorial, tecnificando y fortaleciendo la atenci\u00f3n telef\u00f3nica y tramites por internet. Adem\u00e1s, se decretar\u00e1n medidas de r\u00e9gimen laboral interno, especialmente para los grupos m\u00e1s vulnerables.<\/p>\n<p>\u201cEste nuevo panorama, nos obliga a cambiar de estrategia y darle protecci\u00f3n y seguridad a la poblaci\u00f3n, intensificaremos las recomendaciones a trav\u00e9s de campa\u00f1as en redes sociales, radios y perifoneo, invitando a la comunidad a respetar las instrucciones del ministerio de salud\u201d \u2026 \u201cPotenciaremos el proceso de b\u00fasqueda activa de covid-19 con un control exhaustivo, especialmente en el terminal de buses, donde pondremos personal a diario mientras dure esta fase\u201d.<\/p>\n<p>Finalmente, el edil se\u00f1al\u00f3 \u201cEste mi\u00e9rcoles a las 10 de la ma\u00f1ana, nos reuniremos con la Mutual de seguridad, quienes nos instruir\u00e1n en aspectos t\u00e9cnicos del protocolo covid-19.<\/p>\n<p>En la ocasi\u00f3n, la directora del departamento de Salud Municipal, la Dra. Patricia Salinas, explic\u00f3 que se retomar\u00e1n con m\u00e1s fuerzas las medidas que han venido implementando durante este a\u00f1o y el 2020. \u201cNos preocupa que tengamos 70 casos activos y un alto \u00edndice de contactos estrechos, muchos de estos casos provienen de encuentros familiares, por lo que solicitamos, puedan evitar dichos encuentros y pedimos encarecidamente que los contactos estrechos hagan efectivamente su cuarentena para no propagar m\u00e1s el virus\u201d. Se\u00f1al\u00f3 la directora del departamento de Salud Municipal, la Dra. Patricia Salinas<\/p>\n","protected":false},"excerpt":{"rendered":"<p>El alcalde de la comuna de Vallenar V\u00edctor Isla Lutz, se re\u00fane con los directivos de los diversos departamentos municipales, con la finalidad de analizar&hellip; <\/p>\n","protected":false},"author":2,"featured_media":0,"comment_status":"open","ping_status":"closed","sticky":false,"template":"","format":"standard","meta":{"footnotes":""},"categories":[38],"tags":[],"class_list":["post-34883","post","type-post","status-publish","format-standard","hentry","category-portada-regional"],"_links":{"self":[{"href":"https:\/\/www.radioamigavallenar.cl\/index.php?rest_route=\/wp\/v2\/posts\/34883","targetHints":{"allow":["GET"]}}],"collection":[{"href":"https:\/\/www.radioamigavallenar.cl\/index.php?rest_route=\/wp\/v2\/posts"}],"about":[{"href":"https:\/\/www.radioamigavallenar.cl\/index.php?rest_route=\/wp\/v2\/types\/post"}],"author":[{"embeddable":true,"href":"https:\/\/www.radioamigavallenar.cl\/index.php?rest_route=\/wp\/v2\/users\/2"}],"replies":[{"embeddable":true,"href":"https:\/\/www.radioamigavallenar.cl\/index.php?rest_route=%2Fwp%2Fv2%2Fcomments&post=34883"}],"version-history":[{"count":1,"href":"https:\/\/www.radioamigavallenar.cl\/index.php?rest_route=\/wp\/v2\/posts\/34883\/revisions"}],"predecessor-version":[{"id":34885,"href":"https:\/\/www.radioamigavallenar.cl\/index.php?rest_route=\/wp\/v2\/posts\/34883\/revisions\/34885"}],"wp:attachment":[{"href":"https:\/\/www.radioamigavallenar.cl\/index.php?rest_route=%2Fwp%2Fv2%2Fmedia&parent=34883"}],"wp:term":[{"taxonomy":"category","embeddable":true,"href":"https:\/\/www.radioamigavallenar.cl\/index.php?rest_route=%2Fwp%2Fv2%2Fcategories&post=34883"},{"taxonomy":"post_tag","embeddable":true,"href":"https:\/\/www.radioamigavallenar.cl\/index.php?rest_route=%2Fwp%2Fv2%2Ftags&post=34883"}],"curies":[{"name":"wp","href":"https:\/\/api.w.org\/{rel}","templated":true}]}}