{"id":34880,"date":"2021-01-19T06:00:24","date_gmt":"2021-01-19T09:00:24","guid":{"rendered":"https:\/\/www.radioamigavallenar.cl\/?p=34880"},"modified":"2021-01-18T21:48:32","modified_gmt":"2021-01-19T00:48:32","slug":"comienzan-obras-de-remodelacion-en-cancha-de-maitencillo-en-la-comuna-de-freirina","status":"publish","type":"post","link":"https:\/\/www.radioamigavallenar.cl\/?p=34880","title":{"rendered":"Comienzan obras de remodelaci\u00f3n en cancha de Maitencillo en la comuna de Freirina"},"content":{"rendered":"<p class=\"v1MsoNormal\">Un importante proyecto que la comunidad de Maitencillo ven\u00eda demandando desde hace mucho tiempo, es el empastado de la principal cancha de f\u00fatbol de la localidad. Las obras comienzan esta semana y estar\u00e1n a cargo de la empresa de la zona \u201cTeck-Main\u201d, quienes ya realizaron el levantamiento topogr\u00e1fico con miras a desarrollar la iniciativa.<\/p>\n<p class=\"v1MsoNormal\">Esta semana comienza el trabajo de movimiento de tierra, nivelaci\u00f3n de terreno,\u00a0 cierre perimetral con malla acmafor, para dar paso a \u00a0la instalaci\u00f3n de la carpeta de pasto sint\u00e9tico con normativa FIFA.<\/p>\n<p class=\"v1MsoNormal\">La noticia fue dada a conocer a la dirigenta del sector, Paulina Castillo, por parte del Alcalde Cesar Orellana, quien en terreno y junto a todos los actores involucrados, analizaron los alcances del proyecto.<\/p>\n<p class=\"v1MsoNormal\">En el encuentro estuvo presente el Jefe de la Secplac Carlos Escobar, el Encargado de la Oficina de Deportes David Daher y el equipo de Compa\u00f1\u00eda Minera del Pac\u00edfico CMP liderado por El Superintendente de Medio Ambiente de la Compa\u00f1\u00eda Edgardo Rivas Magna, empresa que financi\u00f3 las obras.<\/p>\n<p class=\"v1MsoNormal\">Al respecto desde la Compa\u00f1\u00eda Minera se\u00f1alaron que \u201ceste hito representa un compromiso de la empresa que tenemos a trav\u00e9s de una herramienta de gesti\u00f3n ambiental a trav\u00e9s del programa de compensaci\u00f3n de emisiones, por lo tanto esta iniciativa es muy relevante tanto para la Compa\u00f1\u00eda como para la Comunidad de Maitencillo, porque finalmente significa que ya estamos concretando estos compromisos asociados con la tem\u00e1tica ambiental, asociados con los atributos de la gesti\u00f3n de riesgos de procesos\u201d.<\/p>\n<p class=\"v1MsoNormal\">Por su parte la dirigenta del sector Paulina Castillo indic\u00f3 que \u201ctengo que agradecer a la Municipalidad por apoyarnos en esto, por priorizar esta necesidad de la cancha de f\u00fatbol, que ha sido un sue\u00f1o que lo hemos esperado por a\u00f1os, as\u00ed es que a los clubes deportivos, a la gente que participa y hace uso de esta cancha, tambi\u00e9n estaremos trabajando juntos para poder cuidarla, mantenerla y que nos dure muchos a\u00f1os\u201d.<\/p>\n<p class=\"v1MsoNormal\">Finalmente el Alcalde Cesar Orellana, sostuvo que \u201cesto era un sue\u00f1o para los vecinos de Maitencillo, el poder tener una cancha de pasto sint\u00e9tico ac\u00e1 en el sector, un espacio que re\u00fana todas las condiciones para la pr\u00e1ctica deportiva. Agradecer a todos quienes est\u00e1n colaborando para el \u00e9xito de esta iniciativa y bien no tan s\u00f3lo por los deportistas de Maitencillo, en general de la comuna, que vamos a contar con un nuevo espacio, pero contento por los ni\u00f1os de Maitencillo que van a tener un lugar donde practicar deporte, as\u00ed es que muy contento y muy agradecido de todo\u201d.<\/p>\n","protected":false},"excerpt":{"rendered":"<p>Un importante proyecto que la comunidad de Maitencillo ven\u00eda demandando desde hace mucho tiempo, es el empastado de la principal cancha de f\u00fatbol de la&hellip; <\/p>\n","protected":false},"author":2,"featured_media":0,"comment_status":"open","ping_status":"closed","sticky":false,"template":"","format":"standard","meta":{"footnotes":""},"categories":[7],"tags":[],"class_list":["post-34880","post","type-post","status-publish","format-standard","hentry","category-atacama"],"_links":{"self":[{"href":"https:\/\/www.radioamigavallenar.cl\/index.php?rest_route=\/wp\/v2\/posts\/34880","targetHints":{"allow":["GET"]}}],"collection":[{"href":"https:\/\/www.radioamigavallenar.cl\/index.php?rest_route=\/wp\/v2\/posts"}],"about":[{"href":"https:\/\/www.radioamigavallenar.cl\/index.php?rest_route=\/wp\/v2\/types\/post"}],"author":[{"embeddable":true,"href":"https:\/\/www.radioamigavallenar.cl\/index.php?rest_route=\/wp\/v2\/users\/2"}],"replies":[{"embeddable":true,"href":"https:\/\/www.radioamigavallenar.cl\/index.php?rest_route=%2Fwp%2Fv2%2Fcomments&post=34880"}],"version-history":[{"count":1,"href":"https:\/\/www.radioamigavallenar.cl\/index.php?rest_route=\/wp\/v2\/posts\/34880\/revisions"}],"predecessor-version":[{"id":34882,"href":"https:\/\/www.radioamigavallenar.cl\/index.php?rest_route=\/wp\/v2\/posts\/34880\/revisions\/34882"}],"wp:attachment":[{"href":"https:\/\/www.radioamigavallenar.cl\/index.php?rest_route=%2Fwp%2Fv2%2Fmedia&parent=34880"}],"wp:term":[{"taxonomy":"category","embeddable":true,"href":"https:\/\/www.radioamigavallenar.cl\/index.php?rest_route=%2Fwp%2Fv2%2Fcategories&post=34880"},{"taxonomy":"post_tag","embeddable":true,"href":"https:\/\/www.radioamigavallenar.cl\/index.php?rest_route=%2Fwp%2Fv2%2Ftags&post=34880"}],"curies":[{"name":"wp","href":"https:\/\/api.w.org\/{rel}","templated":true}]}}