{"id":34877,"date":"2021-01-19T06:00:19","date_gmt":"2021-01-19T09:00:19","guid":{"rendered":"https:\/\/www.radioamigavallenar.cl\/?p=34877"},"modified":"2021-01-18T21:43:31","modified_gmt":"2021-01-19T00:43:31","slug":"declaracion-publica-cmp-respecto-a-la-movilizacion-de-axinntus-en-el-puerto-de-huasco","status":"publish","type":"post","link":"https:\/\/www.radioamigavallenar.cl\/?p=34877","title":{"rendered":"Declaraci\u00f3n P\u00fablica CMP Respecto a la movilizaci\u00f3n de Axinntus en el puerto de Huasco"},"content":{"rendered":"<p>Respecto a la movilizaci\u00f3n de Axinntus, Compa\u00f1\u00eda Minera del Pac\u00edfico (CMP) declara lo siguiente:<\/p>\n<p>&nbsp;<\/p>\n<ul>\n<li>Compa\u00f1\u00eda Minera del Pac\u00edfico lamenta que la manifestaci\u00f3n de un grupo de personas pertenecientes a sindicatos de Axinntus se haya radicalizado, con acciones que no s\u00f3lo interrumpen el tr\u00e1fico de trenes, sino que adem\u00e1s impiden el libre desplazamiento de personas.<\/li>\n<\/ul>\n<p>&nbsp;<\/p>\n<ul>\n<li>CMP no es parte ni tiene vinculaci\u00f3n con el conflicto que actualmente mantiene el sindicato de Axinntus con dicha empresa. Pese a ello, desde hace una semana hemos estado dialogando con un grupo de las personas movilizadas, incluso apoy\u00e1ndolos con ciertos insumos b\u00e1sicos.<\/li>\n<\/ul>\n<p>&nbsp;<\/p>\n<ul>\n<li>Como CMP no tenemos posibilidad alguna de aportar al cierre de un acuerdo entre las partes. Si bien respetamos los derechos de los trabajadores involucrados, nos preocupa que las interrupciones de tr\u00e1nsito y del tren afecten la continuidad operacional de Planta de Pellets, y con ello, a los trabajadores de Huasco que directa o indirectamente laboran en la compa\u00f1\u00eda.<\/li>\n<\/ul>\n<p>&nbsp;<\/p>\n<ul>\n<li>CMP es el principal empleador local. Nuestras trabajadoras y nuestros trabajadores son el principal motor de nuestra compa\u00f1\u00eda y nos distinguimos dentro de la actividad minera nacional por funcionar con personas que pertenecen y viven con sus familias en la zona.<\/li>\n<\/ul>\n<p>&nbsp;<\/p>\n<ul>\n<li>En un a\u00f1o complejo, como compa\u00f1\u00eda haremos todo cuanto est\u00e9 a nuestro alcance para seguir entregando oportunidades laborales a las vecinas y los vecinos de la provincia en forma prioritaria, a trav\u00e9s de nuestros canales que la comunidad conoce.<\/li>\n<\/ul>\n<p>&nbsp;<\/p>\n<ul>\n<li>Finalmente, esperamos que las partes puedan alcanzar una pronta soluci\u00f3n, basada en el di\u00e1logo, el respeto a los derechos laborales y la plena vigencia del Estado de Derecho.<\/li>\n<\/ul>\n","protected":false},"excerpt":{"rendered":"<p>Respecto a la movilizaci\u00f3n de Axinntus, Compa\u00f1\u00eda Minera del Pac\u00edfico (CMP) declara lo siguiente: &nbsp; Compa\u00f1\u00eda Minera del Pac\u00edfico lamenta que la manifestaci\u00f3n de un&hellip; <\/p>\n","protected":false},"author":2,"featured_media":0,"comment_status":"open","ping_status":"closed","sticky":false,"template":"","format":"standard","meta":{"footnotes":""},"categories":[7],"tags":[],"class_list":["post-34877","post","type-post","status-publish","format-standard","hentry","category-atacama"],"_links":{"self":[{"href":"https:\/\/www.radioamigavallenar.cl\/index.php?rest_route=\/wp\/v2\/posts\/34877","targetHints":{"allow":["GET"]}}],"collection":[{"href":"https:\/\/www.radioamigavallenar.cl\/index.php?rest_route=\/wp\/v2\/posts"}],"about":[{"href":"https:\/\/www.radioamigavallenar.cl\/index.php?rest_route=\/wp\/v2\/types\/post"}],"author":[{"embeddable":true,"href":"https:\/\/www.radioamigavallenar.cl\/index.php?rest_route=\/wp\/v2\/users\/2"}],"replies":[{"embeddable":true,"href":"https:\/\/www.radioamigavallenar.cl\/index.php?rest_route=%2Fwp%2Fv2%2Fcomments&post=34877"}],"version-history":[{"count":1,"href":"https:\/\/www.radioamigavallenar.cl\/index.php?rest_route=\/wp\/v2\/posts\/34877\/revisions"}],"predecessor-version":[{"id":34879,"href":"https:\/\/www.radioamigavallenar.cl\/index.php?rest_route=\/wp\/v2\/posts\/34877\/revisions\/34879"}],"wp:attachment":[{"href":"https:\/\/www.radioamigavallenar.cl\/index.php?rest_route=%2Fwp%2Fv2%2Fmedia&parent=34877"}],"wp:term":[{"taxonomy":"category","embeddable":true,"href":"https:\/\/www.radioamigavallenar.cl\/index.php?rest_route=%2Fwp%2Fv2%2Fcategories&post=34877"},{"taxonomy":"post_tag","embeddable":true,"href":"https:\/\/www.radioamigavallenar.cl\/index.php?rest_route=%2Fwp%2Fv2%2Ftags&post=34877"}],"curies":[{"name":"wp","href":"https:\/\/api.w.org\/{rel}","templated":true}]}}