{"id":34875,"date":"2021-01-19T06:00:51","date_gmt":"2021-01-19T09:00:51","guid":{"rendered":"https:\/\/www.radioamigavallenar.cl\/?p=34875"},"modified":"2021-01-18T21:38:54","modified_gmt":"2021-01-19T00:38:54","slug":"seremi-de-mineria-destaco-disminucion-de-accidentes-fatales-ocurridos-en-la-region-durante-el-ano-2020","status":"publish","type":"post","link":"https:\/\/www.radioamigavallenar.cl\/?p=34875","title":{"rendered":"Seremi de Miner\u00eda destac\u00f3 disminuci\u00f3n de accidentes fatales ocurridos en la regi\u00f3n durante el a\u00f1o 2020"},"content":{"rendered":"<ul>\n<li><strong>Campa\u00f1as comunicacionales y aumento en las fiscalizaciones realizadas por Sernageomin han sido clave para reforzar una cultura de autocuidado en los trabajadores y trabajadoras del sector.<\/strong><\/li>\n<\/ul>\n<p>A pesar de las dificultades que origin\u00f3 en la actividad minera la crisis sanitaria, durante el a\u00f1o 2020 en la Regi\u00f3n de Atacama se produjeron tres accidentes mineros menos con resultados fatales respecto al 2019, de acuerdo con la informaci\u00f3n proporcionada por el Servicio Nacional de Geolog\u00eda y Miner\u00eda (Sernageomin).<\/p>\n<p>Estos n\u00fameros reflejan una clara mejor\u00eda en la conducta de riesgo dentro de las faenas mineras, y son el resultado del trabajo constante de Sernageomin, organismo que durante el 2020 realiz\u00f3 un total de 2.085 fiscalizaciones, las cuales adem\u00e1s incluyeron material audiovisual y gr\u00e1fico preventivo de Covid-19 y de Seguridad Minera en la campa\u00f1a denominada \u201cLa Miner\u00eda se Cuida\u201d.<\/p>\n<p>\u201cPara el Estado se produjo un cambio radical en la forma de enfrentar la seguridad minera a ra\u00edz del accidente de los 33 en la mina San Jos\u00e9, que el a\u00f1o pasado cumpli\u00f3 una d\u00e9cada, asimismo que se produce un cambio cultural que ha reducido significativamente la tasa de fatalidad y accidentabilidad\u201d, se\u00f1al\u00f3 el seremi de Miner\u00eda Cristian Alvayai, quien agreg\u00f3 que \u201ces muy importante destacar que hemos realizado visitas conjuntas con la entidad fiscalizadora, donde comprobamos in situ las acciones de prevenci\u00f3n tanto de accidentabilidad como de higiene para evitar contagios\u201d.<\/p>\n<p>Asimismo, el seremi destac\u00f3 que \u201ccuidar a los trabajadores de la miner\u00eda, proteger sus vidas y la de sus familias, es primordial para nuestro Gobierno. En el contexto actual, la miner\u00eda es el sector econ\u00f3mico que sostiene el gasto social, que se ha incrementado exponencialmente. Agradecemos e invitamos a todas las compa\u00f1\u00edas mineras y a nuestros peque\u00f1os productores y productores artesanales, que sigan extremando sus cuidados, ya que la miner\u00eda no le falla a Chile\u201d<\/p>\n<p>Es importante se\u00f1alar que el \u00fanico accidente fatal ocurrido el a\u00f1o pasado fue en la faena \u201cLa Negrita\u201d, ubicada en el sector de Cerro Negro, y que fue producto de una ca\u00edda de distinto nivel en mina subterr\u00e1nea. En tanto que los accidentes ocurridos en 2019 tambi\u00e9n fueron en minas subterr\u00e1neas adem\u00e1s de uno ocurrido en taller, en cuanto al tipo de accidentes estas fueron por golpe de roca o ca\u00edda desde distinto nivel.<\/p>\n<p>Un d\u00eda antes de que finalizara el a\u00f1o se produjo un accidente en una faena peque\u00f1a donde quedaron atrapados dos trabajadores, pero gracias a la oportuna coordinaci\u00f3n de los equipos de rescate, se pudieron rescatar con vida. En este contexto la autoridad destac\u00f3 lo importante que es regularizar las pertenencias mineras, ya que es b\u00e1sico para que puedan funcionar de manera segura y productiva.<\/p>\n<p style=\"text-align: center;\"><strong><u>Acciones preventivas<\/u><\/strong><\/p>\n<p>Seg\u00fan explica el Director Nacional de Sernageomin, Alfonso Domeyko, el Servicio contin\u00faa reforzando medidas de seguridad minera y prevenci\u00f3n por Covid-19 en las faenas del pa\u00eds, \u201cestas medidas comenzaron a desarrollarse desde el a\u00f1o pasado a trav\u00e9s de la iniciativa \u201cLa Miner\u00eda se Cuida\u201d la que complet\u00f3 el trabajo de fiscalizaci\u00f3n, y donde adem\u00e1s se reforzaron las medidas de seguridad minera con las 20 Reglas de Oro de la Seguridad Minera junto a los 6 accidentes m\u00e1s frecuentes en Peque\u00f1a Miner\u00eda, Mediana-Gran Miner\u00eda y prevenci\u00f3n por Covid-19 en faenas del pa\u00eds\u201d.<\/p>\n<p>En tal sentido, Alfonso Domeyko valor\u00f3 el trabajo realizado por los principales actores del sector, \u201cgracias al compromiso de las empresas, el Estado y los propios trabajadores y trabajadoras se ha generado una cultura de seguridad muy relevante para la actividad, teniendo siempre como foco la vida de quienes se desempe\u00f1an en la miner\u00eda\u201d.<\/p>\n<p>Por su parte, el Director Regional de Sernageomin, Franklin Cespedes, recalc\u00f3 que se ha aumentado la cantidad de fiscalizaciones, \u201cporque entendemos que lo primordial de la miner\u00eda es anticiparse ante cualquier emergencia. Somos responsables de generar, mantener y difundir informaci\u00f3n sobre peligros geol\u00f3gicos del territorio nacional y proteger el bienestar de la comunidad y nuestra regi\u00f3n se sustenta en la actividad minera. A la fecha existen 590 faenas activas a lo largo de las tres provincias de la regi\u00f3n, nuestro despliegue es una tarea diaria para mantener las buenas cifras que nos respaldan\u201d.<\/p>\n","protected":false},"excerpt":{"rendered":"<p>Campa\u00f1as comunicacionales y aumento en las fiscalizaciones realizadas por Sernageomin han sido clave para reforzar una cultura de autocuidado en los trabajadores y trabajadoras del&hellip; <\/p>\n","protected":false},"author":2,"featured_media":34536,"comment_status":"open","ping_status":"closed","sticky":false,"template":"","format":"standard","meta":{"footnotes":""},"categories":[7],"tags":[],"class_list":["post-34875","post","type-post","status-publish","format-standard","has-post-thumbnail","hentry","category-atacama"],"_links":{"self":[{"href":"https:\/\/www.radioamigavallenar.cl\/index.php?rest_route=\/wp\/v2\/posts\/34875","targetHints":{"allow":["GET"]}}],"collection":[{"href":"https:\/\/www.radioamigavallenar.cl\/index.php?rest_route=\/wp\/v2\/posts"}],"about":[{"href":"https:\/\/www.radioamigavallenar.cl\/index.php?rest_route=\/wp\/v2\/types\/post"}],"author":[{"embeddable":true,"href":"https:\/\/www.radioamigavallenar.cl\/index.php?rest_route=\/wp\/v2\/users\/2"}],"replies":[{"embeddable":true,"href":"https:\/\/www.radioamigavallenar.cl\/index.php?rest_route=%2Fwp%2Fv2%2Fcomments&post=34875"}],"version-history":[{"count":1,"href":"https:\/\/www.radioamigavallenar.cl\/index.php?rest_route=\/wp\/v2\/posts\/34875\/revisions"}],"predecessor-version":[{"id":34876,"href":"https:\/\/www.radioamigavallenar.cl\/index.php?rest_route=\/wp\/v2\/posts\/34875\/revisions\/34876"}],"wp:featuredmedia":[{"embeddable":true,"href":"https:\/\/www.radioamigavallenar.cl\/index.php?rest_route=\/wp\/v2\/media\/34536"}],"wp:attachment":[{"href":"https:\/\/www.radioamigavallenar.cl\/index.php?rest_route=%2Fwp%2Fv2%2Fmedia&parent=34875"}],"wp:term":[{"taxonomy":"category","embeddable":true,"href":"https:\/\/www.radioamigavallenar.cl\/index.php?rest_route=%2Fwp%2Fv2%2Fcategories&post=34875"},{"taxonomy":"post_tag","embeddable":true,"href":"https:\/\/www.radioamigavallenar.cl\/index.php?rest_route=%2Fwp%2Fv2%2Ftags&post=34875"}],"curies":[{"name":"wp","href":"https:\/\/api.w.org\/{rel}","templated":true}]}}