{"id":34872,"date":"2021-01-19T06:00:01","date_gmt":"2021-01-19T09:00:01","guid":{"rendered":"https:\/\/www.radioamigavallenar.cl\/?p=34872"},"modified":"2021-01-18T21:35:43","modified_gmt":"2021-01-19T00:35:43","slug":"pleno-del-core-atacama-analizo-propuestas-para-vecinos-de-chanaral","status":"publish","type":"post","link":"https:\/\/www.radioamigavallenar.cl\/?p=34872","title":{"rendered":"Pleno del CORE Atacama analiz\u00f3 propuestas para vecinos de Cha\u00f1aral"},"content":{"rendered":"<p><strong>En relaci\u00f3n a demandas del Conjunto Habitacional \u201cOasis\u201d y reuni\u00f3n con el subsecretario del MINVU.<\/strong><span id=\"more-234309\"><\/span><\/p>\n<p>Durante la segunda Sesi\u00f3n Ordinaria de 2021, del Consejo Regional de Atacama, el Pleno evalu\u00f3 los avances y gestiones desarrolladas respecto al conjunto habitacional Oasis de Cha\u00f1aral, con el prop\u00f3sito de encaminar soluciones en el mediano plazo que otorguen tranquilidad a las familias, ante una serie de complicaciones que presentan las viviendas que habitan.<\/p>\n<p>Sobre ello, se realiz\u00f3 una reciente reuni\u00f3n lidera por el subsecretario de Vivienda y Urbanismo, \u00a0Guillermo Rolando, donde participaron, \u2013 en representaci\u00f3n del Consejo Regional de Atacama-, los CORES Sergio Bordoli, Fernando Ghiglino, Manuel Reyes y Alex Ahumada; dirigentes vecinales del Oasis de Cha\u00f1aral y; autoridades regionales, para buscar alternativas de soluci\u00f3n a las problem\u00e1ticas que afectan a los vecinos en relaci\u00f3n a cortes continuos de agua potable y colapso del alcantarillado, principalmente.<\/p>\n<p>De acuerdo a esto, la Presidenta del CORE Atacama, Ruth Vega, coment\u00f3 en la sesi\u00f3n plenaria que \u201cseg\u00fan lo informado se acord\u00f3 que el 28 de enero ser\u00e1 el plazo para dar soluci\u00f3n a los vecinos de Cha\u00f1aral, donde se dispondr\u00e1n recursos sectoriales desde el Ministerio de Vivienda\u201d.<\/p>\n<p>La autoridad regional agreg\u00f3 que \u201cse reunir\u00e1 la empresa constructora a cargo de las obras con los vecinos, donde estaremos nosotros como cuerpo colegiado, porque nos interesa que las medidas de soluci\u00f3n sean las m\u00e1s efectivas. Es impresentable por lo que est\u00e1n viviendo estas familias, m\u00e1s a\u00fan, cuando muchos de los beneficiados son quienes sufrieron la p\u00e9rdida de sus viviendas con el aluvi\u00f3n de 2015\u201d, enfatiz\u00f3 la Presidenta del Consejo Regional de Atacama, Ruth Vega.<\/p>\n<p>Mientras que, el CORE Sergio Bordoli, coment\u00f3 que \u201ces importante relevar la presencia del subsecretario de Vivienda a Cha\u00f1aral, quien sostuvo un dialogo por m\u00e1s de cinco horas con los vecinos, donde se lograron compromisos y se fortalecieron las voluntades para colaborar con soluciones favorables para las familias afectadas. En la ocasi\u00f3n, le plantee al subsecretario que a la pr\u00f3xima reuni\u00f3n del 28 est\u00e9 presente la Universidad Cat\u00f3lica, encargada del dise\u00f1o de este proyecto denominado eco sustentable\u201d.<\/p>\n<p>En tanto, el CORE Manuel Reyes, explic\u00f3 que \u201cfue una reuni\u00f3n muy positiva donde creo que la gente ha recobrado la confianza con sus autoridades. La empresa Nueva Atacama se est\u00e1 haciendo cargo de los problemas con el agua y el alcantarillado. Esta semana, el seremi de vivienda nos entregar\u00e1 el diagn\u00f3stico comprometido, el que se encuentra finalizado. Sobre los problemas estructurales de las casas se ir\u00e1n resolviendo, como de las ampliaciones, rejas y sede vecinal. Adem\u00e1s, vendr\u00e1 un equipo para el uso de los paneles solares t\u00e9rmicos\u201d.<\/p>\n<p>Igualmente, el CORE Fernando Ghiglino, quien tambi\u00e9n particip\u00f3 del encuentro con el subsecretario de Vivienda, sostuvo que \u201clos acuerdos alcanzados nos permitir\u00e1n darles tranquilidad a los vecinos que han estado viviendo de forma muy compleja en sus viviendas, por eso junto con respaldar las medidas de soluci\u00f3n determinadas estaremos atentos a cumplir con nuestro rol fiscalizador como consejeros, en la materializaci\u00f3n de las mismas, porque si bien es un problema que se arrastra del gobierno anterior, tenemos toda la disposici\u00f3n de colaborar para resolverlo\u201d.<\/p>\n<p>Finalmente, se comunic\u00f3 que se firmar\u00e1 un convenio con los acuerdos logrados para formalizar el compromiso asumido por las autoridades con los vecinos del conjunto habitacional Oasis de Cha\u00f1aral.<\/p>\n","protected":false},"excerpt":{"rendered":"<p>En relaci\u00f3n a demandas del Conjunto Habitacional \u201cOasis\u201d y reuni\u00f3n con el subsecretario del MINVU. Durante la segunda Sesi\u00f3n Ordinaria de 2021, del Consejo Regional&hellip; <\/p>\n","protected":false},"author":2,"featured_media":0,"comment_status":"open","ping_status":"closed","sticky":false,"template":"","format":"standard","meta":{"footnotes":""},"categories":[7],"tags":[],"class_list":["post-34872","post","type-post","status-publish","format-standard","hentry","category-atacama"],"_links":{"self":[{"href":"https:\/\/www.radioamigavallenar.cl\/index.php?rest_route=\/wp\/v2\/posts\/34872","targetHints":{"allow":["GET"]}}],"collection":[{"href":"https:\/\/www.radioamigavallenar.cl\/index.php?rest_route=\/wp\/v2\/posts"}],"about":[{"href":"https:\/\/www.radioamigavallenar.cl\/index.php?rest_route=\/wp\/v2\/types\/post"}],"author":[{"embeddable":true,"href":"https:\/\/www.radioamigavallenar.cl\/index.php?rest_route=\/wp\/v2\/users\/2"}],"replies":[{"embeddable":true,"href":"https:\/\/www.radioamigavallenar.cl\/index.php?rest_route=%2Fwp%2Fv2%2Fcomments&post=34872"}],"version-history":[{"count":1,"href":"https:\/\/www.radioamigavallenar.cl\/index.php?rest_route=\/wp\/v2\/posts\/34872\/revisions"}],"predecessor-version":[{"id":34874,"href":"https:\/\/www.radioamigavallenar.cl\/index.php?rest_route=\/wp\/v2\/posts\/34872\/revisions\/34874"}],"wp:attachment":[{"href":"https:\/\/www.radioamigavallenar.cl\/index.php?rest_route=%2Fwp%2Fv2%2Fmedia&parent=34872"}],"wp:term":[{"taxonomy":"category","embeddable":true,"href":"https:\/\/www.radioamigavallenar.cl\/index.php?rest_route=%2Fwp%2Fv2%2Fcategories&post=34872"},{"taxonomy":"post_tag","embeddable":true,"href":"https:\/\/www.radioamigavallenar.cl\/index.php?rest_route=%2Fwp%2Fv2%2Ftags&post=34872"}],"curies":[{"name":"wp","href":"https:\/\/api.w.org\/{rel}","templated":true}]}}